{"id":8,"date":"2008-08-11T22:13:58","date_gmt":"2008-08-11T22:13:58","guid":{"rendered":"https:\/\/paroquiaqueijas.net\/site\/?p=8"},"modified":"2026-03-28T16:58:45","modified_gmt":"2026-03-28T16:58:45","slug":"conselho-pastoral","status":"publish","type":"post","link":"https:\/\/paroquiaqueijas.net\/portal\/conselho-pastoral\/","title":{"rendered":"Conselho Pastoral"},"content":{"rendered":"<p><img fetchpriority=\"high\" decoding=\"async\" class=\"  alignright wp-image-6 size-full\" style=\"margin: 0px 0px 0px 8px; float: right;\" src=\"https:\/\/paroquiaqueijas.net\/portal\/wp-content\/uploads\/2008\/08\/Barco.jpg\" alt=\"Barco\" width=\"395\" height=\"395\" srcset=\"https:\/\/paroquiaqueijas.net\/portal\/wp-content\/uploads\/2008\/08\/Barco.jpg 395w, https:\/\/paroquiaqueijas.net\/portal\/wp-content\/uploads\/2008\/08\/Barco-300x300.jpg 300w, https:\/\/paroquiaqueijas.net\/portal\/wp-content\/uploads\/2008\/08\/Barco-150x150.jpg 150w\" sizes=\"(max-width: 395px) 100vw, 395px\" \/>O Conselho Pastoral Paroquial \u00e9 um \u00f3rg\u00e3o representativo da comunidade paroquial, que tem por miss\u00e3o informar, coordenar e animar a vida pastoral da par\u00f3quia nas suas estruturas, nos seus grupos e organismos, no sector humano, na evangeliza\u00e7\u00e3o, no crescimento da f\u00e9 e no servi\u00e7o da caridade.<\/p>\n<p>\u00c9 um conselho consultivo que o p\u00e1roco faz quest\u00e3o de ouvir, para o ajudar a fazer uma leitura mais completa e correcta da realidade paroquial e para dele receber sugest\u00f5es e propostas de ac\u00e7\u00e3o a desenvolver para fazer crescer na par\u00f3quia a comunidade eclesial \u2013 o &#8220;Povo de Deus&#8221;.<br \/>\nPara isso, o Conselho Pastoral deve estar atento \u00e0s aspira\u00e7\u00f5es e necessidades da comunidade crist\u00e3, reflectir sobre elas e &#8220;planear, dinamizar e coordenar todas as actividades de car\u00e1cter pastoral&#8221;, lan\u00e7ando &#8220;ac\u00e7\u00f5es que requeiram a responsabiliza\u00e7\u00e3o de toda a par\u00f3quia&#8221;.<\/p>\n<p>Assim, na linha das orienta\u00e7\u00f5es do Conc\u00edlio Vaticano II, o Conselho Pastoral, no seu funcionamento e ac\u00e7\u00e3o, constitui um espa\u00e7o muito proveitoso para fomentar a unidade e a co-responsabilidade dos seus membros na miss\u00e3o da Igreja, em ordem \u00e0 constru\u00e7\u00e3o de uma aut\u00eantica comunidade crist\u00e3.<br \/>\nNo exerc\u00edcio das suas fun\u00e7\u00f5es, compete-lhe, em concreto, elaborar planos de ac\u00e7\u00e3o pastoral e o programa anual de actividades, bem como acompanhar e avaliar a sua execu\u00e7\u00e3o.<\/p>\n<p>O actual Conselho Pastoral Paroquial de Queijas, presidido pelo P\u00e1roco \u2013 Pe. Alexandre Santos, e coadjuvado pelo Di\u00e1cono An\u00edbal Veiga, \u00e9 constitu\u00eddo por 40 elementos, representantes dos grupos paroquiais, organismos da par\u00f3quia e alguns que foram nomeados pelo pr\u00f3prio p\u00e1roco. O novo Conselho Pastoral tomou posse em 15 de Outubro de 2025.<\/p>\n<p><img decoding=\"async\" class=\"  alignright wp-image-7 size-full\" style=\"margin: 0px 0px 0px 8px; float: right;\" src=\"https:\/\/paroquiaqueijas.net\/portal\/wp-content\/uploads\/2008\/08\/Maos018.jpg\" alt=\"Maos018\" width=\"250\" height=\"253\" \/>De harmonia com os estatutos, o Conselho Pastoral Paroquial \u00e9 constitu\u00eddo pelos seguintes \u00f3rg\u00e3os: <strong>Plen\u00e1rio<\/strong> e <strong>Secretariado Permanente<\/strong>. O Plen\u00e1rio, embora possa reunir-se de forma extraordin\u00e1ria, ordinariamente congrega-se tr\u00eas vezes por ano. A fim de garantir a assist\u00eancia permanente \u00e0 vida paroquial, em colabora\u00e7\u00e3o estreita com o P\u00e1roco, foi constitu\u00eddo um Secretariado Permanente. Este \u00f3rg\u00e3o re\u00fane-se periodicamente, tendo a responsabilidade de elaborar a agenda de trabalhos, animar e acompanhar a execu\u00e7\u00e3o dos planos ou decis\u00f5es tomadas pelo Plen\u00e1rio e, ainda, de substituir o Plen\u00e1rio em casos urgentes.<\/p>\n<p>&nbsp;<\/p>\n<p><strong>Membros do Conselho Pastoral<\/strong>:<br \/>\nSecretariado Permanente: Marta Viegas,\u00a0Catequese: Virg\u00ednia Pires, Fernanda Carreto, Paula Le\u00e3o; Catequese da Adolesc\u00eancia: Ricardo Sousa; CONFHIC: Irm\u00e3 Catarina \u00c1vila; Coro Lux: Carla Ramos; Coro Vox Michaelis: Ant\u00f3nio Barata; ENS: Maria Em\u00edlia, Am\u00edlcar Almeida; Audit\u00f3rio &amp; Multim\u00e9dia: Michael Fa\u00edsca; Escuteiros: Ana Paula Santos; Grupo de Jovens: Catarina Vieira, In\u00eas Ramos, Andreia Santos, Vera Madeira, Margarida Pinto, Marta Pimp\u00e3o; MEC: Pedro Caba\u00e7o, Fernando Santana; Lit\u00fargia Ac\u00f3litos: Afonso Louren\u00e7o; Liturgia Leitores: Miguel Alves, Margarida Veiga; Pastoral da Ora\u00e7\u00e3o: Mena Moreno; Pastoral S\u00f3cio-caritativa: M.Lurdes Nunes; Zeladoras: Ilda Marta, J\u00falia Ramalho; Conselho Econ\u00f3mico: Jo\u00e3o Neves; CSPQ: Fernando Reis; Conselho Fiscal: Gon\u00e7alo Santos; Casa Bet\u00e2nia: Ana Maria; Irmandade de N\u00aa S\u00aa Rocha: Em\u00edlio Pereira;\u00a0Linda-a-Pastora: Carlos Vicente, Maria Jo\u00e3o, Josabete Pereira. Nomeados pelo p\u00e1roco: Margarida Gaspar,\u00a0M.Jo\u00e3o Seelmann, M.Lurdes Faber, Rita Silva, Jos\u00e9 Rodrigues e Gon\u00e7alo Guerra.<\/p>\n<p><strong>Secretariado Permanente<\/strong><br \/>\nAn\u00edbal Veiga; Fernanda Carreto; Paula Le\u00e3o; Virg\u00ednia Pires;\u00a0Rita Silva.<\/p>\n<p>O Conselho Pastoral da Par\u00f3quia de Queijas tenta ser, assim, a express\u00e3o do crescimento e maturidade eclesial da comunidade crist\u00e3 de S\u00e3o Miguel Arcanjo.<\/p>\n","protected":false},"excerpt":{"rendered":"<p>O Conselho Pastoral Paroquial \u00e9 um \u00f3rg\u00e3o representativo da comunidade paroquial, que tem por miss\u00e3o informar, coordenar e animar a [&hellip;]<\/p>\n","protected":false},"author":1,"featured_media":6,"comment_status":"open","ping_status":"open","sticky":false,"template":"","format":"standard","meta":{"site-sidebar-layout":"default","site-content-layout":"","ast-site-content-layout":"default","site-content-style":"default","site-sidebar-style":"default","ast-global-header-display":"","ast-banner-title-visibility":"","ast-main-header-display":"","ast-hfb-above-header-display":"","ast-hfb-below-header-display":"","ast-hfb-mobile-header-display":"","site-post-title":"","ast-breadcrumbs-content":"","ast-featured-img":"","footer-sml-layout":"","ast-disable-related-posts":"","theme-transparent-header-meta":"default","adv-header-id-meta":"","stick-header-meta":"default","header-above-stick-meta":"","header-main-stick-meta":"","header-below-stick-meta":"","astra-migrate-meta-layouts":"set","ast-page-background-enabled":"default","ast-page-background-meta":{"desktop":{"background-color":"var(--ast-global-color-5)","background-image":"","background-repeat":"repeat","background-position":"center center","background-size":"auto","background-attachment":"scroll","background-type":"","background-media":"","overlay-type":"","overlay-color":"","overlay-opacity":"","overlay-gradient":""},"tablet":{"background-color":"","background-image":"","background-repeat":"repeat","background-position":"center center","background-size":"auto","background-attachment":"scroll","background-type":"","background-media":"","overlay-type":"","overlay-color":"","overlay-opacity":"","overlay-gradient":""},"mobile":{"background-color":"","background-image":"","background-repeat":"repeat","background-position":"center center","background-size":"auto","background-attachment":"scroll","background-type":"","background-media":"","overlay-type":"","overlay-color":"","overlay-opacity":"","overlay-gradient":""}},"ast-content-background-meta":{"desktop":{"background-color":"var(--ast-global-color-4)","background-image":"","background-repeat":"repeat","background-position":"center center","background-size":"auto","background-attachment":"scroll","background-type":"","background-media":"","overlay-type":"","overlay-color":"","overlay-opacity":"","overlay-gradient":""},"tablet":{"background-color":"var(--ast-global-color-4)","background-image":"","background-repeat":"repeat","background-position":"center center","background-size":"auto","background-attachment":"scroll","background-type":"","background-media":"","overlay-type":"","overlay-color":"","overlay-opacity":"","overlay-gradient":""},"mobile":{"background-color":"var(--ast-global-color-4)","background-image":"","background-repeat":"repeat","background-position":"center center","background-size":"auto","background-attachment":"scroll","background-type":"","background-media":"","overlay-type":"","overlay-color":"","overlay-opacity":"","overlay-gradient":""}},"footnotes":""},"categories":[4],"tags":[],"class_list":["post-8","post","type-post","status-publish","format-standard","has-post-thumbnail","hentry","category-paroquia"],"yoast_head":"<!-- This site is optimized with the Yoast SEO plugin v27.4 - https:\/\/yoast.com\/product\/yoast-seo-wordpress\/ -->\n<title>Conselho Pastoral - Paroquia de Queijas<\/title>\n<meta name=\"robots\" content=\"index, follow, max-snippet:-1, max-image-preview:large, max-video-preview:-1\" \/>\n<link rel=\"canonical\" href=\"https:\/\/paroquiaqueijas.net\/portal\/conselho-pastoral\/\" \/>\n<meta property=\"og:locale\" content=\"pt_PT\" \/>\n<meta property=\"og:type\" content=\"article\" \/>\n<meta property=\"og:title\" content=\"Conselho Pastoral - Paroquia de Queijas\" \/>\n<meta property=\"og:description\" content=\"O Conselho Pastoral Paroquial \u00e9 um \u00f3rg\u00e3o representativo da comunidade paroquial, que tem por miss\u00e3o informar, coordenar e animar a [&hellip;]\" \/>\n<meta property=\"og:url\" content=\"https:\/\/paroquiaqueijas.net\/portal\/conselho-pastoral\/\" \/>\n<meta property=\"og:site_name\" content=\"Paroquia de Queijas\" \/>\n<meta property=\"article:publisher\" content=\"https:\/\/www.facebook.com\/paroquiaqueijas\/\" \/>\n<meta property=\"article:published_time\" content=\"2008-08-11T22:13:58+00:00\" \/>\n<meta property=\"article:modified_time\" content=\"2026-03-28T16:58:45+00:00\" \/>\n<meta property=\"og:image\" content=\"https:\/\/paroquiaqueijas.net\/portal\/wp-content\/uploads\/2008\/08\/Barco.jpg\" \/>\n\t<meta property=\"og:image:width\" content=\"395\" \/>\n\t<meta property=\"og:image:height\" content=\"395\" \/>\n\t<meta property=\"og:image:type\" content=\"image\/jpeg\" \/>\n<meta name=\"author\" content=\"Paroquia de Queijas\" \/>\n<meta name=\"twitter:card\" content=\"summary_large_image\" \/>\n<meta name=\"twitter:label1\" content=\"Escrito por\" \/>\n\t<meta name=\"twitter:data1\" content=\"Paroquia de Queijas\" \/>\n\t<meta name=\"twitter:label2\" content=\"Tempo estimado de leitura\" \/>\n\t<meta name=\"twitter:data2\" content=\"3 minutos\" \/>\n<script type=\"application\/ld+json\" class=\"yoast-schema-graph\">{\"@context\":\"https:\\\/\\\/schema.org\",\"@graph\":[{\"@type\":\"Article\",\"@id\":\"https:\\\/\\\/paroquiaqueijas.net\\\/portal\\\/conselho-pastoral\\\/#article\",\"isPartOf\":{\"@id\":\"https:\\\/\\\/paroquiaqueijas.net\\\/portal\\\/conselho-pastoral\\\/\"},\"author\":{\"name\":\"Paroquia de Queijas\",\"@id\":\"https:\\\/\\\/paroquiaqueijas.net\\\/portal\\\/#\\\/schema\\\/person\\\/07bb4cce216326e06b6f742b719ebec7\"},\"headline\":\"Conselho Pastoral\",\"datePublished\":\"2008-08-11T22:13:58+00:00\",\"dateModified\":\"2026-03-28T16:58:45+00:00\",\"mainEntityOfPage\":{\"@id\":\"https:\\\/\\\/paroquiaqueijas.net\\\/portal\\\/conselho-pastoral\\\/\"},\"wordCount\":595,\"commentCount\":0,\"publisher\":{\"@id\":\"https:\\\/\\\/paroquiaqueijas.net\\\/portal\\\/#organization\"},\"image\":{\"@id\":\"https:\\\/\\\/paroquiaqueijas.net\\\/portal\\\/conselho-pastoral\\\/#primaryimage\"},\"thumbnailUrl\":\"https:\\\/\\\/paroquiaqueijas.net\\\/portal\\\/wp-content\\\/uploads\\\/2008\\\/08\\\/Barco.jpg\",\"articleSection\":[\"Par\u00f3quia\"],\"inLanguage\":\"pt-PT\",\"potentialAction\":[{\"@type\":\"CommentAction\",\"name\":\"Comment\",\"target\":[\"https:\\\/\\\/paroquiaqueijas.net\\\/portal\\\/conselho-pastoral\\\/#respond\"]}]},{\"@type\":\"WebPage\",\"@id\":\"https:\\\/\\\/paroquiaqueijas.net\\\/portal\\\/conselho-pastoral\\\/\",\"url\":\"https:\\\/\\\/paroquiaqueijas.net\\\/portal\\\/conselho-pastoral\\\/\",\"name\":\"Conselho Pastoral - Paroquia de Queijas\",\"isPartOf\":{\"@id\":\"https:\\\/\\\/paroquiaqueijas.net\\\/portal\\\/#website\"},\"primaryImageOfPage\":{\"@id\":\"https:\\\/\\\/paroquiaqueijas.net\\\/portal\\\/conselho-pastoral\\\/#primaryimage\"},\"image\":{\"@id\":\"https:\\\/\\\/paroquiaqueijas.net\\\/portal\\\/conselho-pastoral\\\/#primaryimage\"},\"thumbnailUrl\":\"https:\\\/\\\/paroquiaqueijas.net\\\/portal\\\/wp-content\\\/uploads\\\/2008\\\/08\\\/Barco.jpg\",\"datePublished\":\"2008-08-11T22:13:58+00:00\",\"dateModified\":\"2026-03-28T16:58:45+00:00\",\"breadcrumb\":{\"@id\":\"https:\\\/\\\/paroquiaqueijas.net\\\/portal\\\/conselho-pastoral\\\/#breadcrumb\"},\"inLanguage\":\"pt-PT\",\"potentialAction\":[{\"@type\":\"ReadAction\",\"target\":[\"https:\\\/\\\/paroquiaqueijas.net\\\/portal\\\/conselho-pastoral\\\/\"]}]},{\"@type\":\"ImageObject\",\"inLanguage\":\"pt-PT\",\"@id\":\"https:\\\/\\\/paroquiaqueijas.net\\\/portal\\\/conselho-pastoral\\\/#primaryimage\",\"url\":\"https:\\\/\\\/paroquiaqueijas.net\\\/portal\\\/wp-content\\\/uploads\\\/2008\\\/08\\\/Barco.jpg\",\"contentUrl\":\"https:\\\/\\\/paroquiaqueijas.net\\\/portal\\\/wp-content\\\/uploads\\\/2008\\\/08\\\/Barco.jpg\",\"width\":395,\"height\":395,\"caption\":\"Barco\"},{\"@type\":\"BreadcrumbList\",\"@id\":\"https:\\\/\\\/paroquiaqueijas.net\\\/portal\\\/conselho-pastoral\\\/#breadcrumb\",\"itemListElement\":[{\"@type\":\"ListItem\",\"position\":1,\"name\":\"In\u00edcio\",\"item\":\"https:\\\/\\\/paroquiaqueijas.net\\\/portal\\\/\"},{\"@type\":\"ListItem\",\"position\":2,\"name\":\"Conselho Pastoral\"}]},{\"@type\":\"WebSite\",\"@id\":\"https:\\\/\\\/paroquiaqueijas.net\\\/portal\\\/#website\",\"url\":\"https:\\\/\\\/paroquiaqueijas.net\\\/portal\\\/\",\"name\":\"Paroquia de Queijas\",\"description\":\"\",\"publisher\":{\"@id\":\"https:\\\/\\\/paroquiaqueijas.net\\\/portal\\\/#organization\"},\"potentialAction\":[{\"@type\":\"SearchAction\",\"target\":{\"@type\":\"EntryPoint\",\"urlTemplate\":\"https:\\\/\\\/paroquiaqueijas.net\\\/portal\\\/?s={search_term_string}\"},\"query-input\":{\"@type\":\"PropertyValueSpecification\",\"valueRequired\":true,\"valueName\":\"search_term_string\"}}],\"inLanguage\":\"pt-PT\"},{\"@type\":\"Organization\",\"@id\":\"https:\\\/\\\/paroquiaqueijas.net\\\/portal\\\/#organization\",\"name\":\"Paroquia de Queijas\",\"url\":\"https:\\\/\\\/paroquiaqueijas.net\\\/portal\\\/\",\"logo\":{\"@type\":\"ImageObject\",\"inLanguage\":\"pt-PT\",\"@id\":\"https:\\\/\\\/paroquiaqueijas.net\\\/portal\\\/#\\\/schema\\\/logo\\\/image\\\/\",\"url\":\"https:\\\/\\\/paroquiaqueijas.net\\\/portal\\\/wp-content\\\/uploads\\\/2026\\\/03\\\/LogoQueijas_novo.png\",\"contentUrl\":\"https:\\\/\\\/paroquiaqueijas.net\\\/portal\\\/wp-content\\\/uploads\\\/2026\\\/03\\\/LogoQueijas_novo.png\",\"width\":520,\"height\":519,\"caption\":\"Paroquia de Queijas\"},\"image\":{\"@id\":\"https:\\\/\\\/paroquiaqueijas.net\\\/portal\\\/#\\\/schema\\\/logo\\\/image\\\/\"},\"sameAs\":[\"https:\\\/\\\/www.facebook.com\\\/paroquiaqueijas\\\/\"]},{\"@type\":\"Person\",\"@id\":\"https:\\\/\\\/paroquiaqueijas.net\\\/portal\\\/#\\\/schema\\\/person\\\/07bb4cce216326e06b6f742b719ebec7\",\"name\":\"Paroquia de Queijas\",\"image\":{\"@type\":\"ImageObject\",\"inLanguage\":\"pt-PT\",\"@id\":\"https:\\\/\\\/secure.gravatar.com\\\/avatar\\\/5054571ff5d2454cd50657fc4e61d0c32d7a5d0d3b36ef6c0f6e269276d13618?s=96&d=mm&r=g\",\"url\":\"https:\\\/\\\/secure.gravatar.com\\\/avatar\\\/5054571ff5d2454cd50657fc4e61d0c32d7a5d0d3b36ef6c0f6e269276d13618?s=96&d=mm&r=g\",\"contentUrl\":\"https:\\\/\\\/secure.gravatar.com\\\/avatar\\\/5054571ff5d2454cd50657fc4e61d0c32d7a5d0d3b36ef6c0f6e269276d13618?s=96&d=mm&r=g\",\"caption\":\"Paroquia de Queijas\"},\"sameAs\":[\"https:\\\/\\\/paroquiaqueijas.net\\\/site\"],\"url\":\"https:\\\/\\\/paroquiaqueijas.net\\\/portal\\\/author\\\/admin1\\\/\"}]}<\/script>\n<!-- \/ Yoast SEO plugin. -->","yoast_head_json":{"title":"Conselho Pastoral - Paroquia de Queijas","robots":{"index":"index","follow":"follow","max-snippet":"max-snippet:-1","max-image-preview":"max-image-preview:large","max-video-preview":"max-video-preview:-1"},"canonical":"https:\/\/paroquiaqueijas.net\/portal\/conselho-pastoral\/","og_locale":"pt_PT","og_type":"article","og_title":"Conselho Pastoral - Paroquia de Queijas","og_description":"O Conselho Pastoral Paroquial \u00e9 um \u00f3rg\u00e3o representativo da comunidade paroquial, que tem por miss\u00e3o informar, coordenar e animar a [&hellip;]","og_url":"https:\/\/paroquiaqueijas.net\/portal\/conselho-pastoral\/","og_site_name":"Paroquia de Queijas","article_publisher":"https:\/\/www.facebook.com\/paroquiaqueijas\/","article_published_time":"2008-08-11T22:13:58+00:00","article_modified_time":"2026-03-28T16:58:45+00:00","og_image":[{"width":395,"height":395,"url":"https:\/\/paroquiaqueijas.net\/portal\/wp-content\/uploads\/2008\/08\/Barco.jpg","type":"image\/jpeg"}],"author":"Paroquia de Queijas","twitter_card":"summary_large_image","twitter_misc":{"Escrito por":"Paroquia de Queijas","Tempo estimado de leitura":"3 minutos"},"schema":{"@context":"https:\/\/schema.org","@graph":[{"@type":"Article","@id":"https:\/\/paroquiaqueijas.net\/portal\/conselho-pastoral\/#article","isPartOf":{"@id":"https:\/\/paroquiaqueijas.net\/portal\/conselho-pastoral\/"},"author":{"name":"Paroquia de Queijas","@id":"https:\/\/paroquiaqueijas.net\/portal\/#\/schema\/person\/07bb4cce216326e06b6f742b719ebec7"},"headline":"Conselho Pastoral","datePublished":"2008-08-11T22:13:58+00:00","dateModified":"2026-03-28T16:58:45+00:00","mainEntityOfPage":{"@id":"https:\/\/paroquiaqueijas.net\/portal\/conselho-pastoral\/"},"wordCount":595,"commentCount":0,"publisher":{"@id":"https:\/\/paroquiaqueijas.net\/portal\/#organization"},"image":{"@id":"https:\/\/paroquiaqueijas.net\/portal\/conselho-pastoral\/#primaryimage"},"thumbnailUrl":"https:\/\/paroquiaqueijas.net\/portal\/wp-content\/uploads\/2008\/08\/Barco.jpg","articleSection":["Par\u00f3quia"],"inLanguage":"pt-PT","potentialAction":[{"@type":"CommentAction","name":"Comment","target":["https:\/\/paroquiaqueijas.net\/portal\/conselho-pastoral\/#respond"]}]},{"@type":"WebPage","@id":"https:\/\/paroquiaqueijas.net\/portal\/conselho-pastoral\/","url":"https:\/\/paroquiaqueijas.net\/portal\/conselho-pastoral\/","name":"Conselho Pastoral - Paroquia de Queijas","isPartOf":{"@id":"https:\/\/paroquiaqueijas.net\/portal\/#website"},"primaryImageOfPage":{"@id":"https:\/\/paroquiaqueijas.net\/portal\/conselho-pastoral\/#primaryimage"},"image":{"@id":"https:\/\/paroquiaqueijas.net\/portal\/conselho-pastoral\/#primaryimage"},"thumbnailUrl":"https:\/\/paroquiaqueijas.net\/portal\/wp-content\/uploads\/2008\/08\/Barco.jpg","datePublished":"2008-08-11T22:13:58+00:00","dateModified":"2026-03-28T16:58:45+00:00","breadcrumb":{"@id":"https:\/\/paroquiaqueijas.net\/portal\/conselho-pastoral\/#breadcrumb"},"inLanguage":"pt-PT","potentialAction":[{"@type":"ReadAction","target":["https:\/\/paroquiaqueijas.net\/portal\/conselho-pastoral\/"]}]},{"@type":"ImageObject","inLanguage":"pt-PT","@id":"https:\/\/paroquiaqueijas.net\/portal\/conselho-pastoral\/#primaryimage","url":"https:\/\/paroquiaqueijas.net\/portal\/wp-content\/uploads\/2008\/08\/Barco.jpg","contentUrl":"https:\/\/paroquiaqueijas.net\/portal\/wp-content\/uploads\/2008\/08\/Barco.jpg","width":395,"height":395,"caption":"Barco"},{"@type":"BreadcrumbList","@id":"https:\/\/paroquiaqueijas.net\/portal\/conselho-pastoral\/#breadcrumb","itemListElement":[{"@type":"ListItem","position":1,"name":"In\u00edcio","item":"https:\/\/paroquiaqueijas.net\/portal\/"},{"@type":"ListItem","position":2,"name":"Conselho Pastoral"}]},{"@type":"WebSite","@id":"https:\/\/paroquiaqueijas.net\/portal\/#website","url":"https:\/\/paroquiaqueijas.net\/portal\/","name":"Paroquia de Queijas","description":"","publisher":{"@id":"https:\/\/paroquiaqueijas.net\/portal\/#organization"},"potentialAction":[{"@type":"SearchAction","target":{"@type":"EntryPoint","urlTemplate":"https:\/\/paroquiaqueijas.net\/portal\/?s={search_term_string}"},"query-input":{"@type":"PropertyValueSpecification","valueRequired":true,"valueName":"search_term_string"}}],"inLanguage":"pt-PT"},{"@type":"Organization","@id":"https:\/\/paroquiaqueijas.net\/portal\/#organization","name":"Paroquia de Queijas","url":"https:\/\/paroquiaqueijas.net\/portal\/","logo":{"@type":"ImageObject","inLanguage":"pt-PT","@id":"https:\/\/paroquiaqueijas.net\/portal\/#\/schema\/logo\/image\/","url":"https:\/\/paroquiaqueijas.net\/portal\/wp-content\/uploads\/2026\/03\/LogoQueijas_novo.png","contentUrl":"https:\/\/paroquiaqueijas.net\/portal\/wp-content\/uploads\/2026\/03\/LogoQueijas_novo.png","width":520,"height":519,"caption":"Paroquia de Queijas"},"image":{"@id":"https:\/\/paroquiaqueijas.net\/portal\/#\/schema\/logo\/image\/"},"sameAs":["https:\/\/www.facebook.com\/paroquiaqueijas\/"]},{"@type":"Person","@id":"https:\/\/paroquiaqueijas.net\/portal\/#\/schema\/person\/07bb4cce216326e06b6f742b719ebec7","name":"Paroquia de Queijas","image":{"@type":"ImageObject","inLanguage":"pt-PT","@id":"https:\/\/secure.gravatar.com\/avatar\/5054571ff5d2454cd50657fc4e61d0c32d7a5d0d3b36ef6c0f6e269276d13618?s=96&d=mm&r=g","url":"https:\/\/secure.gravatar.com\/avatar\/5054571ff5d2454cd50657fc4e61d0c32d7a5d0d3b36ef6c0f6e269276d13618?s=96&d=mm&r=g","contentUrl":"https:\/\/secure.gravatar.com\/avatar\/5054571ff5d2454cd50657fc4e61d0c32d7a5d0d3b36ef6c0f6e269276d13618?s=96&d=mm&r=g","caption":"Paroquia de Queijas"},"sameAs":["https:\/\/paroquiaqueijas.net\/site"],"url":"https:\/\/paroquiaqueijas.net\/portal\/author\/admin1\/"}]}},"_links":{"self":[{"href":"https:\/\/paroquiaqueijas.net\/portal\/wp-json\/wp\/v2\/posts\/8","targetHints":{"allow":["GET"]}}],"collection":[{"href":"https:\/\/paroquiaqueijas.net\/portal\/wp-json\/wp\/v2\/posts"}],"about":[{"href":"https:\/\/paroquiaqueijas.net\/portal\/wp-json\/wp\/v2\/types\/post"}],"author":[{"embeddable":true,"href":"https:\/\/paroquiaqueijas.net\/portal\/wp-json\/wp\/v2\/users\/1"}],"replies":[{"embeddable":true,"href":"https:\/\/paroquiaqueijas.net\/portal\/wp-json\/wp\/v2\/comments?post=8"}],"version-history":[{"count":3,"href":"https:\/\/paroquiaqueijas.net\/portal\/wp-json\/wp\/v2\/posts\/8\/revisions"}],"predecessor-version":[{"id":3584,"href":"https:\/\/paroquiaqueijas.net\/portal\/wp-json\/wp\/v2\/posts\/8\/revisions\/3584"}],"wp:featuredmedia":[{"embeddable":true,"href":"https:\/\/paroquiaqueijas.net\/portal\/wp-json\/wp\/v2\/media\/6"}],"wp:attachment":[{"href":"https:\/\/paroquiaqueijas.net\/portal\/wp-json\/wp\/v2\/media?parent=8"}],"wp:term":[{"taxonomy":"category","embeddable":true,"href":"https:\/\/paroquiaqueijas.net\/portal\/wp-json\/wp\/v2\/categories?post=8"},{"taxonomy":"post_tag","embeddable":true,"href":"https:\/\/paroquiaqueijas.net\/portal\/wp-json\/wp\/v2\/tags?post=8"}],"curies":[{"name":"wp","href":"https:\/\/api.w.org\/{rel}","templated":true}]}}