{"id":91,"date":"2008-08-12T12:13:58","date_gmt":"2008-08-12T12:13:58","guid":{"rendered":"https:\/\/paroquiaqueijas.net\/site\/?p=91"},"modified":"2026-04-16T15:23:48","modified_gmt":"2026-04-16T15:23:48","slug":"centrodedia","status":"publish","type":"post","link":"https:\/\/paroquiaqueijas.net\/portal\/centrodedia\/","title":{"rendered":"Centro de Dia"},"content":{"rendered":"<p><img fetchpriority=\"high\" decoding=\"async\" class=\"alignright wp-image-90\" style=\"border: 1px solid #000000; margin: 0px 0px 0px 6px; float: right;\" src=\"https:\/\/paroquiaqueijas.net\/portal\/wp-content\/uploads\/2008\/08\/cspq_cd18.jpg\" alt=\"cspq cd18\" width=\"500\" height=\"368\" srcset=\"https:\/\/paroquiaqueijas.net\/portal\/wp-content\/uploads\/2008\/08\/cspq_cd18.jpg 856w, https:\/\/paroquiaqueijas.net\/portal\/wp-content\/uploads\/2008\/08\/cspq_cd18-300x221.jpg 300w, https:\/\/paroquiaqueijas.net\/portal\/wp-content\/uploads\/2008\/08\/cspq_cd18-768x565.jpg 768w\" sizes=\"(max-width: 500px) 100vw, 500px\" \/>O <strong>Centro de Dia<\/strong> \u00e9 uma das respostas sociais existentes no Centro Social Paroquial de S\u00e3o Miguel de Queijas. Esta Resposta encontra-se em conformidade com o disposto no Gui\u00e3o T\u00e9cnico dos Centros de Dia, no Decreto-Lei n.\u00ba 64\/2007 de 14 de Mar\u00e7o, alterado e republicado pelo Decreto-Lei n.\u00ba 33\/2014 de 4 de Mar\u00e7o e a Portaria 196-A\/2015 de 1 de Julho, Circular n.\u00ba 4 de 16 de Dezembro de 2014 e Protocolo de Coopera\u00e7\u00e3o de 2014-2015 e seguintes.<\/p>\n<p>O Centro de Dia \u00e9 uma resposta social, desenvolvida em equipamento, que consiste na presta\u00e7\u00e3o de servi\u00e7os que contribuem para a manuten\u00e7\u00e3o das pessoas no seu meio habitual de vida, visando a promo\u00e7\u00e3o da sua autonomia e da preven\u00e7\u00e3o de situa\u00e7\u00f5es de depend\u00eancia ou o seu agravamento.<\/p>\n<p><span style=\"color: #0000ff; font-size: 12pt;\"><strong>Hor\u00e1rio de atendimento<\/strong><\/span>:<br \/>\nA Assistente Social atende \u00e0s quintas-feiras. Pode fazer a sua marca\u00e7\u00e3o, presencialmente, na Secretaria do Centro Social, ou atrav\u00e9s do telefone 214 254 100 \/ 912 464 300.<\/p>\n<p><strong>O Centro de Dia destina-se a<\/strong>:<br \/>\na) prestar servi\u00e7os que satisfa\u00e7am as necessidades b\u00e1sicas dos utentes;<br \/>\nb) contribuir para a estabiliza\u00e7\u00e3o ou retardamento das consequ\u00eancias nefastas do envelhecimento;<br \/>\nc) prestar apoio psicossocial;<br \/>\nd) fomentar rela\u00e7\u00f5es interpessoais e intergeracionais;<br \/>\ne) favorecer a perman\u00eancia da pessoa idosa no seu meio habitual de vida;<br \/>\nf) contribuir para retardar ou evitar a institucionaliza\u00e7\u00e3o;<br \/>\ng) contribuir para a preven\u00e7\u00e3o de situa\u00e7\u00f5es de depend\u00eancia, promovendo a autonomia;<br \/>\nh) contribuir para a manuten\u00e7\u00e3o da vida social do cidad\u00e3o idoso.<\/p>\n<p><strong>O Centro de Dia assegura a presta\u00e7\u00e3o dos seguintes servi\u00e7os e atividades aos utentes<\/strong>:<br \/>\na) almo\u00e7o e lanche;<br \/>\nb) sopa para o jantar;<br \/>\nc) refei\u00e7\u00f5es ao domic\u00edlio, em caso de doen\u00e7a;<br \/>\nd) administra\u00e7\u00e3o da terap\u00eautica durante as horas de perman\u00eancia no Centro de Dia;<br \/>\ne) atividades de anima\u00e7\u00e3o sociocultural di\u00e1rias que estimulem o desenvolvimento f\u00edsico, cognitivo, emocional e social;<br \/>\nf) transporte no acesso ao Centro e regresso a casa;<br \/>\ng) higiene pessoal;<br \/>\nh) tratamento de roupas (s\u00f3 ser\u00e1 prestado mediante diagn\u00f3stico social que comprove a necessidade deste servi\u00e7o);<br \/>\ni) sess\u00f5es de fisioterapia.<\/p>\n<hr \/>\n<p><a href=\"https:\/\/paroquiaqueijas.net\/portal\/?p=1631\"><span style=\"color: #0000ff;\">Regulamento Interno do Centro de Dia: <strong>Clique aqui!<\/strong><\/span><\/a><\/p>\n","protected":false},"excerpt":{"rendered":"<p>O Centro de Dia \u00e9 uma das respostas sociais existentes no Centro Social Paroquial de S\u00e3o Miguel de Queijas. Esta [&hellip;]<\/p>\n","protected":false},"author":1,"featured_media":90,"comment_status":"open","ping_status":"open","sticky":false,"template":"","format":"standard","meta":{"site-sidebar-layout":"default","site-content-layout":"","ast-site-content-layout":"default","site-content-style":"default","site-sidebar-style":"default","ast-global-header-display":"","ast-banner-title-visibility":"","ast-main-header-display":"","ast-hfb-above-header-display":"","ast-hfb-below-header-display":"","ast-hfb-mobile-header-display":"","site-post-title":"","ast-breadcrumbs-content":"","ast-featured-img":"","footer-sml-layout":"","ast-disable-related-posts":"","theme-transparent-header-meta":"default","adv-header-id-meta":"","stick-header-meta":"default","header-above-stick-meta":"","header-main-stick-meta":"","header-below-stick-meta":"","astra-migrate-meta-layouts":"set","ast-page-background-enabled":"default","ast-page-background-meta":{"desktop":{"background-color":"var(--ast-global-color-5)","background-image":"","background-repeat":"repeat","background-position":"center center","background-size":"auto","background-attachment":"scroll","background-type":"","background-media":"","overlay-type":"","overlay-color":"","overlay-opacity":"","overlay-gradient":""},"tablet":{"background-color":"","background-image":"","background-repeat":"repeat","background-position":"center center","background-size":"auto","background-attachment":"scroll","background-type":"","background-media":"","overlay-type":"","overlay-color":"","overlay-opacity":"","overlay-gradient":""},"mobile":{"background-color":"","background-image":"","background-repeat":"repeat","background-position":"center center","background-size":"auto","background-attachment":"scroll","background-type":"","background-media":"","overlay-type":"","overlay-color":"","overlay-opacity":"","overlay-gradient":""}},"ast-content-background-meta":{"desktop":{"background-color":"var(--ast-global-color-4)","background-image":"","background-repeat":"repeat","background-position":"center center","background-size":"auto","background-attachment":"scroll","background-type":"","background-media":"","overlay-type":"","overlay-color":"","overlay-opacity":"","overlay-gradient":""},"tablet":{"background-color":"var(--ast-global-color-4)","background-image":"","background-repeat":"repeat","background-position":"center center","background-size":"auto","background-attachment":"scroll","background-type":"","background-media":"","overlay-type":"","overlay-color":"","overlay-opacity":"","overlay-gradient":""},"mobile":{"background-color":"var(--ast-global-color-4)","background-image":"","background-repeat":"repeat","background-position":"center center","background-size":"auto","background-attachment":"scroll","background-type":"","background-media":"","overlay-type":"","overlay-color":"","overlay-opacity":"","overlay-gradient":""}},"footnotes":""},"categories":[19],"tags":[],"class_list":["post-91","post","type-post","status-publish","format-standard","has-post-thumbnail","hentry","category-valencias"],"yoast_head":"<!-- This site is optimized with the Yoast SEO plugin v27.4 - https:\/\/yoast.com\/product\/yoast-seo-wordpress\/ -->\n<title>Centro de Dia - Paroquia de Queijas<\/title>\n<meta name=\"robots\" content=\"index, follow, max-snippet:-1, max-image-preview:large, max-video-preview:-1\" \/>\n<link rel=\"canonical\" href=\"https:\/\/paroquiaqueijas.net\/portal\/centrodedia\/\" \/>\n<meta property=\"og:locale\" content=\"pt_PT\" \/>\n<meta property=\"og:type\" content=\"article\" \/>\n<meta property=\"og:title\" content=\"Centro de Dia - Paroquia de Queijas\" \/>\n<meta property=\"og:description\" content=\"O Centro de Dia \u00e9 uma das respostas sociais existentes no Centro Social Paroquial de S\u00e3o Miguel de Queijas. Esta [&hellip;]\" \/>\n<meta property=\"og:url\" content=\"https:\/\/paroquiaqueijas.net\/portal\/centrodedia\/\" \/>\n<meta property=\"og:site_name\" content=\"Paroquia de Queijas\" \/>\n<meta property=\"article:publisher\" content=\"https:\/\/www.facebook.com\/paroquiaqueijas\/\" \/>\n<meta property=\"article:published_time\" content=\"2008-08-12T12:13:58+00:00\" \/>\n<meta property=\"article:modified_time\" content=\"2026-04-16T15:23:48+00:00\" \/>\n<meta property=\"og:image\" content=\"https:\/\/paroquiaqueijas.net\/portal\/wp-content\/uploads\/2008\/08\/cspq_cd18.jpg\" \/>\n\t<meta property=\"og:image:width\" content=\"856\" \/>\n\t<meta property=\"og:image:height\" content=\"630\" \/>\n\t<meta property=\"og:image:type\" content=\"image\/jpeg\" \/>\n<meta name=\"author\" content=\"Paroquia de Queijas\" \/>\n<meta name=\"twitter:card\" content=\"summary_large_image\" \/>\n<meta name=\"twitter:label1\" content=\"Escrito por\" \/>\n\t<meta name=\"twitter:data1\" content=\"Paroquia de Queijas\" \/>\n\t<meta name=\"twitter:label2\" content=\"Tempo estimado de leitura\" \/>\n\t<meta name=\"twitter:data2\" content=\"3 minutos\" \/>\n<script type=\"application\/ld+json\" class=\"yoast-schema-graph\">{\"@context\":\"https:\\\/\\\/schema.org\",\"@graph\":[{\"@type\":\"Article\",\"@id\":\"https:\\\/\\\/paroquiaqueijas.net\\\/portal\\\/centrodedia\\\/#article\",\"isPartOf\":{\"@id\":\"https:\\\/\\\/paroquiaqueijas.net\\\/portal\\\/centrodedia\\\/\"},\"author\":{\"name\":\"Paroquia de Queijas\",\"@id\":\"https:\\\/\\\/paroquiaqueijas.net\\\/portal\\\/#\\\/schema\\\/person\\\/07bb4cce216326e06b6f742b719ebec7\"},\"headline\":\"Centro de Dia\",\"datePublished\":\"2008-08-12T12:13:58+00:00\",\"dateModified\":\"2026-04-16T15:23:48+00:00\",\"mainEntityOfPage\":{\"@id\":\"https:\\\/\\\/paroquiaqueijas.net\\\/portal\\\/centrodedia\\\/\"},\"wordCount\":368,\"commentCount\":0,\"publisher\":{\"@id\":\"https:\\\/\\\/paroquiaqueijas.net\\\/portal\\\/#organization\"},\"image\":{\"@id\":\"https:\\\/\\\/paroquiaqueijas.net\\\/portal\\\/centrodedia\\\/#primaryimage\"},\"thumbnailUrl\":\"https:\\\/\\\/paroquiaqueijas.net\\\/portal\\\/wp-content\\\/uploads\\\/2008\\\/08\\\/cspq_cd18.jpg\",\"articleSection\":[\"Val\u00eancias\"],\"inLanguage\":\"pt-PT\",\"potentialAction\":[{\"@type\":\"CommentAction\",\"name\":\"Comment\",\"target\":[\"https:\\\/\\\/paroquiaqueijas.net\\\/portal\\\/centrodedia\\\/#respond\"]}]},{\"@type\":\"WebPage\",\"@id\":\"https:\\\/\\\/paroquiaqueijas.net\\\/portal\\\/centrodedia\\\/\",\"url\":\"https:\\\/\\\/paroquiaqueijas.net\\\/portal\\\/centrodedia\\\/\",\"name\":\"Centro de Dia - Paroquia de Queijas\",\"isPartOf\":{\"@id\":\"https:\\\/\\\/paroquiaqueijas.net\\\/portal\\\/#website\"},\"primaryImageOfPage\":{\"@id\":\"https:\\\/\\\/paroquiaqueijas.net\\\/portal\\\/centrodedia\\\/#primaryimage\"},\"image\":{\"@id\":\"https:\\\/\\\/paroquiaqueijas.net\\\/portal\\\/centrodedia\\\/#primaryimage\"},\"thumbnailUrl\":\"https:\\\/\\\/paroquiaqueijas.net\\\/portal\\\/wp-content\\\/uploads\\\/2008\\\/08\\\/cspq_cd18.jpg\",\"datePublished\":\"2008-08-12T12:13:58+00:00\",\"dateModified\":\"2026-04-16T15:23:48+00:00\",\"breadcrumb\":{\"@id\":\"https:\\\/\\\/paroquiaqueijas.net\\\/portal\\\/centrodedia\\\/#breadcrumb\"},\"inLanguage\":\"pt-PT\",\"potentialAction\":[{\"@type\":\"ReadAction\",\"target\":[\"https:\\\/\\\/paroquiaqueijas.net\\\/portal\\\/centrodedia\\\/\"]}]},{\"@type\":\"ImageObject\",\"inLanguage\":\"pt-PT\",\"@id\":\"https:\\\/\\\/paroquiaqueijas.net\\\/portal\\\/centrodedia\\\/#primaryimage\",\"url\":\"https:\\\/\\\/paroquiaqueijas.net\\\/portal\\\/wp-content\\\/uploads\\\/2008\\\/08\\\/cspq_cd18.jpg\",\"contentUrl\":\"https:\\\/\\\/paroquiaqueijas.net\\\/portal\\\/wp-content\\\/uploads\\\/2008\\\/08\\\/cspq_cd18.jpg\",\"width\":856,\"height\":630,\"caption\":\"cspq cd18\"},{\"@type\":\"BreadcrumbList\",\"@id\":\"https:\\\/\\\/paroquiaqueijas.net\\\/portal\\\/centrodedia\\\/#breadcrumb\",\"itemListElement\":[{\"@type\":\"ListItem\",\"position\":1,\"name\":\"In\u00edcio\",\"item\":\"https:\\\/\\\/paroquiaqueijas.net\\\/portal\\\/\"},{\"@type\":\"ListItem\",\"position\":2,\"name\":\"Centro de Dia\"}]},{\"@type\":\"WebSite\",\"@id\":\"https:\\\/\\\/paroquiaqueijas.net\\\/portal\\\/#website\",\"url\":\"https:\\\/\\\/paroquiaqueijas.net\\\/portal\\\/\",\"name\":\"Paroquia de Queijas\",\"description\":\"\",\"publisher\":{\"@id\":\"https:\\\/\\\/paroquiaqueijas.net\\\/portal\\\/#organization\"},\"potentialAction\":[{\"@type\":\"SearchAction\",\"target\":{\"@type\":\"EntryPoint\",\"urlTemplate\":\"https:\\\/\\\/paroquiaqueijas.net\\\/portal\\\/?s={search_term_string}\"},\"query-input\":{\"@type\":\"PropertyValueSpecification\",\"valueRequired\":true,\"valueName\":\"search_term_string\"}}],\"inLanguage\":\"pt-PT\"},{\"@type\":\"Organization\",\"@id\":\"https:\\\/\\\/paroquiaqueijas.net\\\/portal\\\/#organization\",\"name\":\"Paroquia de Queijas\",\"url\":\"https:\\\/\\\/paroquiaqueijas.net\\\/portal\\\/\",\"logo\":{\"@type\":\"ImageObject\",\"inLanguage\":\"pt-PT\",\"@id\":\"https:\\\/\\\/paroquiaqueijas.net\\\/portal\\\/#\\\/schema\\\/logo\\\/image\\\/\",\"url\":\"https:\\\/\\\/paroquiaqueijas.net\\\/portal\\\/wp-content\\\/uploads\\\/2026\\\/03\\\/LogoQueijas_novo.png\",\"contentUrl\":\"https:\\\/\\\/paroquiaqueijas.net\\\/portal\\\/wp-content\\\/uploads\\\/2026\\\/03\\\/LogoQueijas_novo.png\",\"width\":520,\"height\":519,\"caption\":\"Paroquia de Queijas\"},\"image\":{\"@id\":\"https:\\\/\\\/paroquiaqueijas.net\\\/portal\\\/#\\\/schema\\\/logo\\\/image\\\/\"},\"sameAs\":[\"https:\\\/\\\/www.facebook.com\\\/paroquiaqueijas\\\/\"]},{\"@type\":\"Person\",\"@id\":\"https:\\\/\\\/paroquiaqueijas.net\\\/portal\\\/#\\\/schema\\\/person\\\/07bb4cce216326e06b6f742b719ebec7\",\"name\":\"Paroquia de Queijas\",\"image\":{\"@type\":\"ImageObject\",\"inLanguage\":\"pt-PT\",\"@id\":\"https:\\\/\\\/secure.gravatar.com\\\/avatar\\\/5054571ff5d2454cd50657fc4e61d0c32d7a5d0d3b36ef6c0f6e269276d13618?s=96&d=mm&r=g\",\"url\":\"https:\\\/\\\/secure.gravatar.com\\\/avatar\\\/5054571ff5d2454cd50657fc4e61d0c32d7a5d0d3b36ef6c0f6e269276d13618?s=96&d=mm&r=g\",\"contentUrl\":\"https:\\\/\\\/secure.gravatar.com\\\/avatar\\\/5054571ff5d2454cd50657fc4e61d0c32d7a5d0d3b36ef6c0f6e269276d13618?s=96&d=mm&r=g\",\"caption\":\"Paroquia de Queijas\"},\"sameAs\":[\"https:\\\/\\\/paroquiaqueijas.net\\\/site\"],\"url\":\"https:\\\/\\\/paroquiaqueijas.net\\\/portal\\\/author\\\/admin1\\\/\"}]}<\/script>\n<!-- \/ Yoast SEO plugin. -->","yoast_head_json":{"title":"Centro de Dia - Paroquia de Queijas","robots":{"index":"index","follow":"follow","max-snippet":"max-snippet:-1","max-image-preview":"max-image-preview:large","max-video-preview":"max-video-preview:-1"},"canonical":"https:\/\/paroquiaqueijas.net\/portal\/centrodedia\/","og_locale":"pt_PT","og_type":"article","og_title":"Centro de Dia - Paroquia de Queijas","og_description":"O Centro de Dia \u00e9 uma das respostas sociais existentes no Centro Social Paroquial de S\u00e3o Miguel de Queijas. Esta [&hellip;]","og_url":"https:\/\/paroquiaqueijas.net\/portal\/centrodedia\/","og_site_name":"Paroquia de Queijas","article_publisher":"https:\/\/www.facebook.com\/paroquiaqueijas\/","article_published_time":"2008-08-12T12:13:58+00:00","article_modified_time":"2026-04-16T15:23:48+00:00","og_image":[{"width":856,"height":630,"url":"https:\/\/paroquiaqueijas.net\/portal\/wp-content\/uploads\/2008\/08\/cspq_cd18.jpg","type":"image\/jpeg"}],"author":"Paroquia de Queijas","twitter_card":"summary_large_image","twitter_misc":{"Escrito por":"Paroquia de Queijas","Tempo estimado de leitura":"3 minutos"},"schema":{"@context":"https:\/\/schema.org","@graph":[{"@type":"Article","@id":"https:\/\/paroquiaqueijas.net\/portal\/centrodedia\/#article","isPartOf":{"@id":"https:\/\/paroquiaqueijas.net\/portal\/centrodedia\/"},"author":{"name":"Paroquia de Queijas","@id":"https:\/\/paroquiaqueijas.net\/portal\/#\/schema\/person\/07bb4cce216326e06b6f742b719ebec7"},"headline":"Centro de Dia","datePublished":"2008-08-12T12:13:58+00:00","dateModified":"2026-04-16T15:23:48+00:00","mainEntityOfPage":{"@id":"https:\/\/paroquiaqueijas.net\/portal\/centrodedia\/"},"wordCount":368,"commentCount":0,"publisher":{"@id":"https:\/\/paroquiaqueijas.net\/portal\/#organization"},"image":{"@id":"https:\/\/paroquiaqueijas.net\/portal\/centrodedia\/#primaryimage"},"thumbnailUrl":"https:\/\/paroquiaqueijas.net\/portal\/wp-content\/uploads\/2008\/08\/cspq_cd18.jpg","articleSection":["Val\u00eancias"],"inLanguage":"pt-PT","potentialAction":[{"@type":"CommentAction","name":"Comment","target":["https:\/\/paroquiaqueijas.net\/portal\/centrodedia\/#respond"]}]},{"@type":"WebPage","@id":"https:\/\/paroquiaqueijas.net\/portal\/centrodedia\/","url":"https:\/\/paroquiaqueijas.net\/portal\/centrodedia\/","name":"Centro de Dia - Paroquia de Queijas","isPartOf":{"@id":"https:\/\/paroquiaqueijas.net\/portal\/#website"},"primaryImageOfPage":{"@id":"https:\/\/paroquiaqueijas.net\/portal\/centrodedia\/#primaryimage"},"image":{"@id":"https:\/\/paroquiaqueijas.net\/portal\/centrodedia\/#primaryimage"},"thumbnailUrl":"https:\/\/paroquiaqueijas.net\/portal\/wp-content\/uploads\/2008\/08\/cspq_cd18.jpg","datePublished":"2008-08-12T12:13:58+00:00","dateModified":"2026-04-16T15:23:48+00:00","breadcrumb":{"@id":"https:\/\/paroquiaqueijas.net\/portal\/centrodedia\/#breadcrumb"},"inLanguage":"pt-PT","potentialAction":[{"@type":"ReadAction","target":["https:\/\/paroquiaqueijas.net\/portal\/centrodedia\/"]}]},{"@type":"ImageObject","inLanguage":"pt-PT","@id":"https:\/\/paroquiaqueijas.net\/portal\/centrodedia\/#primaryimage","url":"https:\/\/paroquiaqueijas.net\/portal\/wp-content\/uploads\/2008\/08\/cspq_cd18.jpg","contentUrl":"https:\/\/paroquiaqueijas.net\/portal\/wp-content\/uploads\/2008\/08\/cspq_cd18.jpg","width":856,"height":630,"caption":"cspq cd18"},{"@type":"BreadcrumbList","@id":"https:\/\/paroquiaqueijas.net\/portal\/centrodedia\/#breadcrumb","itemListElement":[{"@type":"ListItem","position":1,"name":"In\u00edcio","item":"https:\/\/paroquiaqueijas.net\/portal\/"},{"@type":"ListItem","position":2,"name":"Centro de Dia"}]},{"@type":"WebSite","@id":"https:\/\/paroquiaqueijas.net\/portal\/#website","url":"https:\/\/paroquiaqueijas.net\/portal\/","name":"Paroquia de Queijas","description":"","publisher":{"@id":"https:\/\/paroquiaqueijas.net\/portal\/#organization"},"potentialAction":[{"@type":"SearchAction","target":{"@type":"EntryPoint","urlTemplate":"https:\/\/paroquiaqueijas.net\/portal\/?s={search_term_string}"},"query-input":{"@type":"PropertyValueSpecification","valueRequired":true,"valueName":"search_term_string"}}],"inLanguage":"pt-PT"},{"@type":"Organization","@id":"https:\/\/paroquiaqueijas.net\/portal\/#organization","name":"Paroquia de Queijas","url":"https:\/\/paroquiaqueijas.net\/portal\/","logo":{"@type":"ImageObject","inLanguage":"pt-PT","@id":"https:\/\/paroquiaqueijas.net\/portal\/#\/schema\/logo\/image\/","url":"https:\/\/paroquiaqueijas.net\/portal\/wp-content\/uploads\/2026\/03\/LogoQueijas_novo.png","contentUrl":"https:\/\/paroquiaqueijas.net\/portal\/wp-content\/uploads\/2026\/03\/LogoQueijas_novo.png","width":520,"height":519,"caption":"Paroquia de Queijas"},"image":{"@id":"https:\/\/paroquiaqueijas.net\/portal\/#\/schema\/logo\/image\/"},"sameAs":["https:\/\/www.facebook.com\/paroquiaqueijas\/"]},{"@type":"Person","@id":"https:\/\/paroquiaqueijas.net\/portal\/#\/schema\/person\/07bb4cce216326e06b6f742b719ebec7","name":"Paroquia de Queijas","image":{"@type":"ImageObject","inLanguage":"pt-PT","@id":"https:\/\/secure.gravatar.com\/avatar\/5054571ff5d2454cd50657fc4e61d0c32d7a5d0d3b36ef6c0f6e269276d13618?s=96&d=mm&r=g","url":"https:\/\/secure.gravatar.com\/avatar\/5054571ff5d2454cd50657fc4e61d0c32d7a5d0d3b36ef6c0f6e269276d13618?s=96&d=mm&r=g","contentUrl":"https:\/\/secure.gravatar.com\/avatar\/5054571ff5d2454cd50657fc4e61d0c32d7a5d0d3b36ef6c0f6e269276d13618?s=96&d=mm&r=g","caption":"Paroquia de Queijas"},"sameAs":["https:\/\/paroquiaqueijas.net\/site"],"url":"https:\/\/paroquiaqueijas.net\/portal\/author\/admin1\/"}]}},"_links":{"self":[{"href":"https:\/\/paroquiaqueijas.net\/portal\/wp-json\/wp\/v2\/posts\/91","targetHints":{"allow":["GET"]}}],"collection":[{"href":"https:\/\/paroquiaqueijas.net\/portal\/wp-json\/wp\/v2\/posts"}],"about":[{"href":"https:\/\/paroquiaqueijas.net\/portal\/wp-json\/wp\/v2\/types\/post"}],"author":[{"embeddable":true,"href":"https:\/\/paroquiaqueijas.net\/portal\/wp-json\/wp\/v2\/users\/1"}],"replies":[{"embeddable":true,"href":"https:\/\/paroquiaqueijas.net\/portal\/wp-json\/wp\/v2\/comments?post=91"}],"version-history":[{"count":2,"href":"https:\/\/paroquiaqueijas.net\/portal\/wp-json\/wp\/v2\/posts\/91\/revisions"}],"predecessor-version":[{"id":3851,"href":"https:\/\/paroquiaqueijas.net\/portal\/wp-json\/wp\/v2\/posts\/91\/revisions\/3851"}],"wp:featuredmedia":[{"embeddable":true,"href":"https:\/\/paroquiaqueijas.net\/portal\/wp-json\/wp\/v2\/media\/90"}],"wp:attachment":[{"href":"https:\/\/paroquiaqueijas.net\/portal\/wp-json\/wp\/v2\/media?parent=91"}],"wp:term":[{"taxonomy":"category","embeddable":true,"href":"https:\/\/paroquiaqueijas.net\/portal\/wp-json\/wp\/v2\/categories?post=91"},{"taxonomy":"post_tag","embeddable":true,"href":"https:\/\/paroquiaqueijas.net\/portal\/wp-json\/wp\/v2\/tags?post=91"}],"curies":[{"name":"wp","href":"https:\/\/api.w.org\/{rel}","templated":true}]}}