{"id":96,"date":"2008-08-11T22:13:58","date_gmt":"2008-08-11T22:13:58","guid":{"rendered":"https:\/\/paroquiaqueijas.net\/site\/?p=96"},"modified":"2026-04-17T17:05:27","modified_gmt":"2026-04-17T17:05:27","slug":"marcador","status":"publish","type":"post","link":"https:\/\/paroquiaqueijas.net\/portal\/marcador\/","title":{"rendered":"Capela de S. Jo\u00e3o Baptista"},"content":{"rendered":"<p><img fetchpriority=\"high\" decoding=\"async\" class=\"\" style=\"margin-left: 8px; float: right;\" src=\"https:\/\/paroquiaqueijas.net\/portal\/wp-content\/uploads\/2008\/08\/PAS_0004c.jpg\" alt=\"PAS_0004c\" width=\"500\" height=\"695\" \/>Este espa\u00e7o de culto parece ser muito antigo, mas n\u00e3o se tem ideia da data de constru\u00e7\u00e3o. H\u00e1, no entanto, algumas refer\u00eancias do s\u00e9culo XVII, quando se afirma que &#8220;o estado da Capela era tal que precisou de ser totalmente renovada&#8221;. (P. Francisco Santos Costa). \u00c9 uma constru\u00e7\u00e3o muito simples, dedicada a S\u00e3o Jo\u00e3o Baptista, padroeiro desta localidade da freguesia e da par\u00f3quia de Queijas.<\/p>\n<p>Com a instaura\u00e7\u00e3o da Rep\u00fablica, foi proibido neste \u201ctemplo gracioso\u201d qualquer tipo de culto. Tempos depois \u201cfoi arrolada e jazeu nuns quantos anos seguintes ao abandono. Anos depois, os bombeiros locais ocuparam-na, chegando mesmo a fazer deste espa\u00e7o uma arrecada\u00e7\u00e3o de parte do seu material, sobretudo j\u00e1 fora de uso\u201d. Em 1933, ao ser registado predialmente, &#8220;passou a ser patrim\u00f3nio da Junta de Freguesia de Carnaxide\u201d.<\/p>\n<p>Os intensos esfor\u00e7os levados a cabo pelos p\u00e1rocos, Pe. Francisco Costa e Pe. Manuel Martins, finalmente foram compensados aquando da entrega deste im\u00f3vel \u00e0 sua anterior detentora, a Par\u00f3quia de Carnaxide, a 20 de Abril de 1990. E, no dia 25 de Janeiro de 1999, no Cart\u00f3rio Notorial de Alg\u00e9s, com a presen\u00e7a do Pe. Jos\u00e9 Jorge de Sousa Alves \u2013 p\u00e1roco de Carnaxide e do Pe. Jos\u00e9 Correia Gon\u00e7alves &#8211; p\u00e1roco de Queijas, foi lavrada escritura de doa\u00e7\u00e3o da &#8220;Capela P\u00fablica de S\u00e3o Jo\u00e3o Baptista de Linda-a-Pastora&#8221; para a Par\u00f3quia de Queijas.<\/p>\n<p><strong><br \/>\nNossa Senhora da Luz<\/strong><\/p>\n<p>A devo\u00e7\u00e3o mariana, t\u00e3o natural ao nosso povo, merece tamb\u00e9m aqui algum destaque. Por ocasi\u00e3o da festa da Natividade de Nossa Senhora (8 de Setembro), esta comunidade celebra este dia invocando Maria como a Senhora da Luz.<\/p>\n<p>Esta invoc<a title=\"Igreja de Linda-a-Pastora\" href=\"https:\/\/paroquiaqueijas.net\/portal\/wp-content\/uploads\/2008\/08\/PAS_0008a.jpg\" target=\"_blank\" rel=\"noopener\"><img decoding=\"async\" class=\"\" style=\"margin: 0px 9px 0px 0px; float: left;\" src=\"https:\/\/paroquiaqueijas.net\/portal\/wp-content\/uploads\/2008\/08\/PAS_0008a.jpg\" alt=\"PAS_0008a\" width=\"522\" height=\"349\" \/><\/a>a\u00e7\u00e3o, tradicionalmente assente em s\u00faplica para os cegos, tornou-se particularmente venerada em Portugal a partir do in\u00edcio do s\u00e9culo XV. Segundo a tradi\u00e7\u00e3o, deve-se a Pedro Martins, que ao descobrir \u2013 por entre uma estranha luz \u2013 uma imagem da Senhora, em Carnide (Lisboa), fez desse local o centro desta invoca\u00e7\u00e3o. Com o benepl\u00e1cito e apoio r\u00e9gios da Infanta D. Maria, filha de D. Manuel, a\u00ed fundou um convento e uma Igreja a Ela dedicados. A partir da\u00ed, esta devo\u00e7\u00e3o cresceu e, com a expans\u00e3o da nossa portugalidade, tamb\u00e9m se propagou esta venera\u00e7\u00e3o de Maria, a Senhora da Luz.<span id=\"_plain_text_marker\"><\/span><br \/>\n____________________________________________<\/p>\n<p><span style=\"font-size: 8pt;\">* <a title=\"Igreja de S. Jo\u00e3o Baptista\" href=\"index.php?option=com_docman&amp;task=doc_download&amp;gid=18&amp;Itemid=79\" target=\"_blank\" rel=\"noopener\">Clique aqui para conhecer mais elementos sobre a Capela de S\u00e3o Jo\u00e3o Baptista<\/a><\/span><a title=\"Igreja de S. Jo\u00e3o Baptista\" href=\"index.php?option=com_docman&amp;task=doc_download&amp;gid=18&amp;Itemid=79\" target=\"_blank\" rel=\"noopener\"><br \/>\n<\/a><\/p>\n","protected":false},"excerpt":{"rendered":"<p>Este espa\u00e7o de culto parece ser muito antigo, mas n\u00e3o se tem ideia da data de constru\u00e7\u00e3o. H\u00e1, no entanto, [&hellip;]<\/p>\n","protected":false},"author":1,"featured_media":94,"comment_status":"open","ping_status":"open","sticky":false,"template":"","format":"standard","meta":{"site-sidebar-layout":"default","site-content-layout":"","ast-site-content-layout":"default","site-content-style":"default","site-sidebar-style":"default","ast-global-header-display":"","ast-banner-title-visibility":"","ast-main-header-display":"","ast-hfb-above-header-display":"","ast-hfb-below-header-display":"","ast-hfb-mobile-header-display":"","site-post-title":"","ast-breadcrumbs-content":"","ast-featured-img":"","footer-sml-layout":"","ast-disable-related-posts":"","theme-transparent-header-meta":"default","adv-header-id-meta":"","stick-header-meta":"default","header-above-stick-meta":"","header-main-stick-meta":"","header-below-stick-meta":"","astra-migrate-meta-layouts":"set","ast-page-background-enabled":"default","ast-page-background-meta":{"desktop":{"background-color":"var(--ast-global-color-5)","background-image":"","background-repeat":"repeat","background-position":"center center","background-size":"auto","background-attachment":"scroll","background-type":"","background-media":"","overlay-type":"","overlay-color":"","overlay-opacity":"","overlay-gradient":""},"tablet":{"background-color":"","background-image":"","background-repeat":"repeat","background-position":"center center","background-size":"auto","background-attachment":"scroll","background-type":"","background-media":"","overlay-type":"","overlay-color":"","overlay-opacity":"","overlay-gradient":""},"mobile":{"background-color":"","background-image":"","background-repeat":"repeat","background-position":"center center","background-size":"auto","background-attachment":"scroll","background-type":"","background-media":"","overlay-type":"","overlay-color":"","overlay-opacity":"","overlay-gradient":""}},"ast-content-background-meta":{"desktop":{"background-color":"var(--ast-global-color-4)","background-image":"","background-repeat":"repeat","background-position":"center center","background-size":"auto","background-attachment":"scroll","background-type":"","background-media":"","overlay-type":"","overlay-color":"","overlay-opacity":"","overlay-gradient":""},"tablet":{"background-color":"var(--ast-global-color-4)","background-image":"","background-repeat":"repeat","background-position":"center center","background-size":"auto","background-attachment":"scroll","background-type":"","background-media":"","overlay-type":"","overlay-color":"","overlay-opacity":"","overlay-gradient":""},"mobile":{"background-color":"var(--ast-global-color-4)","background-image":"","background-repeat":"repeat","background-position":"center center","background-size":"auto","background-attachment":"scroll","background-type":"","background-media":"","overlay-type":"","overlay-color":"","overlay-opacity":"","overlay-gradient":""}},"footnotes":""},"categories":[35],"tags":[],"class_list":["post-96","post","type-post","status-publish","format-standard","has-post-thumbnail","hentry","category-igreja-de-linda-a-pastora"],"yoast_head":"<!-- This site is optimized with the Yoast SEO plugin v27.4 - https:\/\/yoast.com\/product\/yoast-seo-wordpress\/ -->\n<title>Capela de S. Jo\u00e3o Baptista - Paroquia de Queijas<\/title>\n<meta name=\"robots\" content=\"index, follow, max-snippet:-1, max-image-preview:large, max-video-preview:-1\" \/>\n<link rel=\"canonical\" href=\"https:\/\/paroquiaqueijas.net\/portal\/marcador\/\" \/>\n<meta property=\"og:locale\" content=\"pt_PT\" \/>\n<meta property=\"og:type\" content=\"article\" \/>\n<meta property=\"og:title\" content=\"Capela de S. Jo\u00e3o Baptista - Paroquia de Queijas\" \/>\n<meta property=\"og:description\" content=\"Este espa\u00e7o de culto parece ser muito antigo, mas n\u00e3o se tem ideia da data de constru\u00e7\u00e3o. H\u00e1, no entanto, [&hellip;]\" \/>\n<meta property=\"og:url\" content=\"https:\/\/paroquiaqueijas.net\/portal\/marcador\/\" \/>\n<meta property=\"og:site_name\" content=\"Paroquia de Queijas\" \/>\n<meta property=\"article:publisher\" content=\"https:\/\/www.facebook.com\/paroquiaqueijas\/\" \/>\n<meta property=\"article:published_time\" content=\"2008-08-11T22:13:58+00:00\" \/>\n<meta property=\"article:modified_time\" content=\"2026-04-17T17:05:27+00:00\" \/>\n<meta property=\"og:image\" content=\"https:\/\/paroquiaqueijas.net\/portal\/wp-content\/uploads\/2008\/08\/PAS_0004c.jpg\" \/>\n\t<meta property=\"og:image:width\" content=\"405\" \/>\n\t<meta property=\"og:image:height\" content=\"563\" \/>\n\t<meta property=\"og:image:type\" content=\"image\/jpeg\" \/>\n<meta name=\"author\" content=\"Paroquia de Queijas\" \/>\n<meta name=\"twitter:card\" content=\"summary_large_image\" \/>\n<meta name=\"twitter:label1\" content=\"Escrito por\" \/>\n\t<meta name=\"twitter:data1\" content=\"Paroquia de Queijas\" \/>\n\t<meta name=\"twitter:label2\" content=\"Tempo estimado de leitura\" \/>\n\t<meta name=\"twitter:data2\" content=\"3 minutos\" \/>\n<script type=\"application\/ld+json\" class=\"yoast-schema-graph\">{\"@context\":\"https:\\\/\\\/schema.org\",\"@graph\":[{\"@type\":\"Article\",\"@id\":\"https:\\\/\\\/paroquiaqueijas.net\\\/portal\\\/marcador\\\/#article\",\"isPartOf\":{\"@id\":\"https:\\\/\\\/paroquiaqueijas.net\\\/portal\\\/marcador\\\/\"},\"author\":{\"name\":\"Paroquia de Queijas\",\"@id\":\"https:\\\/\\\/paroquiaqueijas.net\\\/portal\\\/#\\\/schema\\\/person\\\/07bb4cce216326e06b6f742b719ebec7\"},\"headline\":\"Capela de S. Jo\u00e3o Baptista\",\"datePublished\":\"2008-08-11T22:13:58+00:00\",\"dateModified\":\"2026-04-17T17:05:27+00:00\",\"mainEntityOfPage\":{\"@id\":\"https:\\\/\\\/paroquiaqueijas.net\\\/portal\\\/marcador\\\/\"},\"wordCount\":421,\"commentCount\":0,\"publisher\":{\"@id\":\"https:\\\/\\\/paroquiaqueijas.net\\\/portal\\\/#organization\"},\"image\":{\"@id\":\"https:\\\/\\\/paroquiaqueijas.net\\\/portal\\\/marcador\\\/#primaryimage\"},\"thumbnailUrl\":\"https:\\\/\\\/paroquiaqueijas.net\\\/portal\\\/wp-content\\\/uploads\\\/2008\\\/08\\\/PAS_0004c.jpg\",\"articleSection\":[\"Igreja de Linda-a-Pastora\"],\"inLanguage\":\"pt-PT\",\"potentialAction\":[{\"@type\":\"CommentAction\",\"name\":\"Comment\",\"target\":[\"https:\\\/\\\/paroquiaqueijas.net\\\/portal\\\/marcador\\\/#respond\"]}]},{\"@type\":\"WebPage\",\"@id\":\"https:\\\/\\\/paroquiaqueijas.net\\\/portal\\\/marcador\\\/\",\"url\":\"https:\\\/\\\/paroquiaqueijas.net\\\/portal\\\/marcador\\\/\",\"name\":\"Capela de S. Jo\u00e3o Baptista - Paroquia de Queijas\",\"isPartOf\":{\"@id\":\"https:\\\/\\\/paroquiaqueijas.net\\\/portal\\\/#website\"},\"primaryImageOfPage\":{\"@id\":\"https:\\\/\\\/paroquiaqueijas.net\\\/portal\\\/marcador\\\/#primaryimage\"},\"image\":{\"@id\":\"https:\\\/\\\/paroquiaqueijas.net\\\/portal\\\/marcador\\\/#primaryimage\"},\"thumbnailUrl\":\"https:\\\/\\\/paroquiaqueijas.net\\\/portal\\\/wp-content\\\/uploads\\\/2008\\\/08\\\/PAS_0004c.jpg\",\"datePublished\":\"2008-08-11T22:13:58+00:00\",\"dateModified\":\"2026-04-17T17:05:27+00:00\",\"breadcrumb\":{\"@id\":\"https:\\\/\\\/paroquiaqueijas.net\\\/portal\\\/marcador\\\/#breadcrumb\"},\"inLanguage\":\"pt-PT\",\"potentialAction\":[{\"@type\":\"ReadAction\",\"target\":[\"https:\\\/\\\/paroquiaqueijas.net\\\/portal\\\/marcador\\\/\"]}]},{\"@type\":\"ImageObject\",\"inLanguage\":\"pt-PT\",\"@id\":\"https:\\\/\\\/paroquiaqueijas.net\\\/portal\\\/marcador\\\/#primaryimage\",\"url\":\"https:\\\/\\\/paroquiaqueijas.net\\\/portal\\\/wp-content\\\/uploads\\\/2008\\\/08\\\/PAS_0004c.jpg\",\"contentUrl\":\"https:\\\/\\\/paroquiaqueijas.net\\\/portal\\\/wp-content\\\/uploads\\\/2008\\\/08\\\/PAS_0004c.jpg\",\"width\":405,\"height\":563,\"caption\":\"PAS_0004c\"},{\"@type\":\"BreadcrumbList\",\"@id\":\"https:\\\/\\\/paroquiaqueijas.net\\\/portal\\\/marcador\\\/#breadcrumb\",\"itemListElement\":[{\"@type\":\"ListItem\",\"position\":1,\"name\":\"In\u00edcio\",\"item\":\"https:\\\/\\\/paroquiaqueijas.net\\\/portal\\\/\"},{\"@type\":\"ListItem\",\"position\":2,\"name\":\"Capela de S. Jo\u00e3o Baptista\"}]},{\"@type\":\"WebSite\",\"@id\":\"https:\\\/\\\/paroquiaqueijas.net\\\/portal\\\/#website\",\"url\":\"https:\\\/\\\/paroquiaqueijas.net\\\/portal\\\/\",\"name\":\"Paroquia de Queijas\",\"description\":\"\",\"publisher\":{\"@id\":\"https:\\\/\\\/paroquiaqueijas.net\\\/portal\\\/#organization\"},\"potentialAction\":[{\"@type\":\"SearchAction\",\"target\":{\"@type\":\"EntryPoint\",\"urlTemplate\":\"https:\\\/\\\/paroquiaqueijas.net\\\/portal\\\/?s={search_term_string}\"},\"query-input\":{\"@type\":\"PropertyValueSpecification\",\"valueRequired\":true,\"valueName\":\"search_term_string\"}}],\"inLanguage\":\"pt-PT\"},{\"@type\":\"Organization\",\"@id\":\"https:\\\/\\\/paroquiaqueijas.net\\\/portal\\\/#organization\",\"name\":\"Paroquia de Queijas\",\"url\":\"https:\\\/\\\/paroquiaqueijas.net\\\/portal\\\/\",\"logo\":{\"@type\":\"ImageObject\",\"inLanguage\":\"pt-PT\",\"@id\":\"https:\\\/\\\/paroquiaqueijas.net\\\/portal\\\/#\\\/schema\\\/logo\\\/image\\\/\",\"url\":\"https:\\\/\\\/paroquiaqueijas.net\\\/portal\\\/wp-content\\\/uploads\\\/2026\\\/03\\\/LogoQueijas_novo.png\",\"contentUrl\":\"https:\\\/\\\/paroquiaqueijas.net\\\/portal\\\/wp-content\\\/uploads\\\/2026\\\/03\\\/LogoQueijas_novo.png\",\"width\":520,\"height\":519,\"caption\":\"Paroquia de Queijas\"},\"image\":{\"@id\":\"https:\\\/\\\/paroquiaqueijas.net\\\/portal\\\/#\\\/schema\\\/logo\\\/image\\\/\"},\"sameAs\":[\"https:\\\/\\\/www.facebook.com\\\/paroquiaqueijas\\\/\"]},{\"@type\":\"Person\",\"@id\":\"https:\\\/\\\/paroquiaqueijas.net\\\/portal\\\/#\\\/schema\\\/person\\\/07bb4cce216326e06b6f742b719ebec7\",\"name\":\"Paroquia de Queijas\",\"image\":{\"@type\":\"ImageObject\",\"inLanguage\":\"pt-PT\",\"@id\":\"https:\\\/\\\/secure.gravatar.com\\\/avatar\\\/5054571ff5d2454cd50657fc4e61d0c32d7a5d0d3b36ef6c0f6e269276d13618?s=96&d=mm&r=g\",\"url\":\"https:\\\/\\\/secure.gravatar.com\\\/avatar\\\/5054571ff5d2454cd50657fc4e61d0c32d7a5d0d3b36ef6c0f6e269276d13618?s=96&d=mm&r=g\",\"contentUrl\":\"https:\\\/\\\/secure.gravatar.com\\\/avatar\\\/5054571ff5d2454cd50657fc4e61d0c32d7a5d0d3b36ef6c0f6e269276d13618?s=96&d=mm&r=g\",\"caption\":\"Paroquia de Queijas\"},\"sameAs\":[\"https:\\\/\\\/paroquiaqueijas.net\\\/site\"],\"url\":\"https:\\\/\\\/paroquiaqueijas.net\\\/portal\\\/author\\\/admin1\\\/\"}]}<\/script>\n<!-- \/ Yoast SEO plugin. -->","yoast_head_json":{"title":"Capela de S. Jo\u00e3o Baptista - Paroquia de Queijas","robots":{"index":"index","follow":"follow","max-snippet":"max-snippet:-1","max-image-preview":"max-image-preview:large","max-video-preview":"max-video-preview:-1"},"canonical":"https:\/\/paroquiaqueijas.net\/portal\/marcador\/","og_locale":"pt_PT","og_type":"article","og_title":"Capela de S. Jo\u00e3o Baptista - Paroquia de Queijas","og_description":"Este espa\u00e7o de culto parece ser muito antigo, mas n\u00e3o se tem ideia da data de constru\u00e7\u00e3o. H\u00e1, no entanto, [&hellip;]","og_url":"https:\/\/paroquiaqueijas.net\/portal\/marcador\/","og_site_name":"Paroquia de Queijas","article_publisher":"https:\/\/www.facebook.com\/paroquiaqueijas\/","article_published_time":"2008-08-11T22:13:58+00:00","article_modified_time":"2026-04-17T17:05:27+00:00","og_image":[{"width":405,"height":563,"url":"https:\/\/paroquiaqueijas.net\/portal\/wp-content\/uploads\/2008\/08\/PAS_0004c.jpg","type":"image\/jpeg"}],"author":"Paroquia de Queijas","twitter_card":"summary_large_image","twitter_misc":{"Escrito por":"Paroquia de Queijas","Tempo estimado de leitura":"3 minutos"},"schema":{"@context":"https:\/\/schema.org","@graph":[{"@type":"Article","@id":"https:\/\/paroquiaqueijas.net\/portal\/marcador\/#article","isPartOf":{"@id":"https:\/\/paroquiaqueijas.net\/portal\/marcador\/"},"author":{"name":"Paroquia de Queijas","@id":"https:\/\/paroquiaqueijas.net\/portal\/#\/schema\/person\/07bb4cce216326e06b6f742b719ebec7"},"headline":"Capela de S. Jo\u00e3o Baptista","datePublished":"2008-08-11T22:13:58+00:00","dateModified":"2026-04-17T17:05:27+00:00","mainEntityOfPage":{"@id":"https:\/\/paroquiaqueijas.net\/portal\/marcador\/"},"wordCount":421,"commentCount":0,"publisher":{"@id":"https:\/\/paroquiaqueijas.net\/portal\/#organization"},"image":{"@id":"https:\/\/paroquiaqueijas.net\/portal\/marcador\/#primaryimage"},"thumbnailUrl":"https:\/\/paroquiaqueijas.net\/portal\/wp-content\/uploads\/2008\/08\/PAS_0004c.jpg","articleSection":["Igreja de Linda-a-Pastora"],"inLanguage":"pt-PT","potentialAction":[{"@type":"CommentAction","name":"Comment","target":["https:\/\/paroquiaqueijas.net\/portal\/marcador\/#respond"]}]},{"@type":"WebPage","@id":"https:\/\/paroquiaqueijas.net\/portal\/marcador\/","url":"https:\/\/paroquiaqueijas.net\/portal\/marcador\/","name":"Capela de S. Jo\u00e3o Baptista - Paroquia de Queijas","isPartOf":{"@id":"https:\/\/paroquiaqueijas.net\/portal\/#website"},"primaryImageOfPage":{"@id":"https:\/\/paroquiaqueijas.net\/portal\/marcador\/#primaryimage"},"image":{"@id":"https:\/\/paroquiaqueijas.net\/portal\/marcador\/#primaryimage"},"thumbnailUrl":"https:\/\/paroquiaqueijas.net\/portal\/wp-content\/uploads\/2008\/08\/PAS_0004c.jpg","datePublished":"2008-08-11T22:13:58+00:00","dateModified":"2026-04-17T17:05:27+00:00","breadcrumb":{"@id":"https:\/\/paroquiaqueijas.net\/portal\/marcador\/#breadcrumb"},"inLanguage":"pt-PT","potentialAction":[{"@type":"ReadAction","target":["https:\/\/paroquiaqueijas.net\/portal\/marcador\/"]}]},{"@type":"ImageObject","inLanguage":"pt-PT","@id":"https:\/\/paroquiaqueijas.net\/portal\/marcador\/#primaryimage","url":"https:\/\/paroquiaqueijas.net\/portal\/wp-content\/uploads\/2008\/08\/PAS_0004c.jpg","contentUrl":"https:\/\/paroquiaqueijas.net\/portal\/wp-content\/uploads\/2008\/08\/PAS_0004c.jpg","width":405,"height":563,"caption":"PAS_0004c"},{"@type":"BreadcrumbList","@id":"https:\/\/paroquiaqueijas.net\/portal\/marcador\/#breadcrumb","itemListElement":[{"@type":"ListItem","position":1,"name":"In\u00edcio","item":"https:\/\/paroquiaqueijas.net\/portal\/"},{"@type":"ListItem","position":2,"name":"Capela de S. Jo\u00e3o Baptista"}]},{"@type":"WebSite","@id":"https:\/\/paroquiaqueijas.net\/portal\/#website","url":"https:\/\/paroquiaqueijas.net\/portal\/","name":"Paroquia de Queijas","description":"","publisher":{"@id":"https:\/\/paroquiaqueijas.net\/portal\/#organization"},"potentialAction":[{"@type":"SearchAction","target":{"@type":"EntryPoint","urlTemplate":"https:\/\/paroquiaqueijas.net\/portal\/?s={search_term_string}"},"query-input":{"@type":"PropertyValueSpecification","valueRequired":true,"valueName":"search_term_string"}}],"inLanguage":"pt-PT"},{"@type":"Organization","@id":"https:\/\/paroquiaqueijas.net\/portal\/#organization","name":"Paroquia de Queijas","url":"https:\/\/paroquiaqueijas.net\/portal\/","logo":{"@type":"ImageObject","inLanguage":"pt-PT","@id":"https:\/\/paroquiaqueijas.net\/portal\/#\/schema\/logo\/image\/","url":"https:\/\/paroquiaqueijas.net\/portal\/wp-content\/uploads\/2026\/03\/LogoQueijas_novo.png","contentUrl":"https:\/\/paroquiaqueijas.net\/portal\/wp-content\/uploads\/2026\/03\/LogoQueijas_novo.png","width":520,"height":519,"caption":"Paroquia de Queijas"},"image":{"@id":"https:\/\/paroquiaqueijas.net\/portal\/#\/schema\/logo\/image\/"},"sameAs":["https:\/\/www.facebook.com\/paroquiaqueijas\/"]},{"@type":"Person","@id":"https:\/\/paroquiaqueijas.net\/portal\/#\/schema\/person\/07bb4cce216326e06b6f742b719ebec7","name":"Paroquia de Queijas","image":{"@type":"ImageObject","inLanguage":"pt-PT","@id":"https:\/\/secure.gravatar.com\/avatar\/5054571ff5d2454cd50657fc4e61d0c32d7a5d0d3b36ef6c0f6e269276d13618?s=96&d=mm&r=g","url":"https:\/\/secure.gravatar.com\/avatar\/5054571ff5d2454cd50657fc4e61d0c32d7a5d0d3b36ef6c0f6e269276d13618?s=96&d=mm&r=g","contentUrl":"https:\/\/secure.gravatar.com\/avatar\/5054571ff5d2454cd50657fc4e61d0c32d7a5d0d3b36ef6c0f6e269276d13618?s=96&d=mm&r=g","caption":"Paroquia de Queijas"},"sameAs":["https:\/\/paroquiaqueijas.net\/site"],"url":"https:\/\/paroquiaqueijas.net\/portal\/author\/admin1\/"}]}},"_links":{"self":[{"href":"https:\/\/paroquiaqueijas.net\/portal\/wp-json\/wp\/v2\/posts\/96","targetHints":{"allow":["GET"]}}],"collection":[{"href":"https:\/\/paroquiaqueijas.net\/portal\/wp-json\/wp\/v2\/posts"}],"about":[{"href":"https:\/\/paroquiaqueijas.net\/portal\/wp-json\/wp\/v2\/types\/post"}],"author":[{"embeddable":true,"href":"https:\/\/paroquiaqueijas.net\/portal\/wp-json\/wp\/v2\/users\/1"}],"replies":[{"embeddable":true,"href":"https:\/\/paroquiaqueijas.net\/portal\/wp-json\/wp\/v2\/comments?post=96"}],"version-history":[{"count":4,"href":"https:\/\/paroquiaqueijas.net\/portal\/wp-json\/wp\/v2\/posts\/96\/revisions"}],"predecessor-version":[{"id":3940,"href":"https:\/\/paroquiaqueijas.net\/portal\/wp-json\/wp\/v2\/posts\/96\/revisions\/3940"}],"wp:featuredmedia":[{"embeddable":true,"href":"https:\/\/paroquiaqueijas.net\/portal\/wp-json\/wp\/v2\/media\/94"}],"wp:attachment":[{"href":"https:\/\/paroquiaqueijas.net\/portal\/wp-json\/wp\/v2\/media?parent=96"}],"wp:term":[{"taxonomy":"category","embeddable":true,"href":"https:\/\/paroquiaqueijas.net\/portal\/wp-json\/wp\/v2\/categories?post=96"},{"taxonomy":"post_tag","embeddable":true,"href":"https:\/\/paroquiaqueijas.net\/portal\/wp-json\/wp\/v2\/tags?post=96"}],"curies":[{"name":"wp","href":"https:\/\/api.w.org\/{rel}","templated":true}]}}