{"id":994,"date":"2012-10-26T22:34:27","date_gmt":"2012-10-26T22:34:27","guid":{"rendered":"https:\/\/paroquiaqueijas.net\/site\/?p=994"},"modified":"2026-03-21T15:41:25","modified_gmt":"2026-03-21T15:41:25","slug":"o-que-e-a-fe","status":"publish","type":"post","link":"https:\/\/paroquiaqueijas.net\/portal\/o-que-e-a-fe\/","title":{"rendered":"O que \u00e9 a F\u00e9?"},"content":{"rendered":"<p><strong>O que \u00e9 a F\u00e9?<img decoding=\"async\" class=\" alignright size-full wp-image-993\" style=\"margin: 0px 0px 0px 8px; float: right;\" alt=\"luz01\" src=\"https:\/\/paroquiaqueijas.net\/portal\/wp-content\/uploads\/2012\/10\/luz01.jpg\" height=\"117\" width=\"150\" srcset=\"https:\/\/paroquiaqueijas.net\/portal\/wp-content\/uploads\/2012\/10\/luz01.jpg 482w, https:\/\/paroquiaqueijas.net\/portal\/wp-content\/uploads\/2012\/10\/luz01-300x234.jpg 300w\" sizes=\"(max-width: 150px) 100vw, 150px\" \/><\/span><\/strong><br \/>\nA primeira e mais b\u00e1sica resposta \u00e0 pergunta do t\u00edtulo poder\u00e1, sem d\u00favida, ser formulada do seguinte modo: a f\u00e9 \u00e9 uma determinada atitude dos humanos. Como tal, \u00e9 bem come\u00e7ar por uma descri\u00e7\u00e3o breve das carater\u00edsticas dessa atitude, que ali\u00e1s s\u00e3o partilhadas por todos os tipos de f\u00e9, religiosa ou n\u00e3o, crist\u00e3 ou n\u00e3o.<\/span><\/p>\n<p><!--more--><\/p>\n<p>A atitude humana que melhor pode descrever a atitude de f\u00e9 \u00e9 a da confian\u00e7a. Ter f\u00e9 \u00e9, no sentido mais b\u00e1sico, confiar em algo ou algu\u00e9m diferente de n\u00f3s mesmos. Assim, op\u00f5em-se-lhe duas atitudes: a da desconfian\u00e7a total, que levaria, em muitos casos, ao desespero; ou a da autoconfian\u00e7a total, ou seja, a da confian\u00e7a apenas em n\u00f3s mesmos. Portanto, a f\u00e9 pressup\u00f5e capacidade de confiar e capacidade de confiar noutros.<\/span><\/p>\n<p>A confian\u00e7a noutros implica, ao mesmo tempo, a capacidade de receber algo, reconhecendo que n\u00e3o podemos conquistar e produzir tudo o que somos e temos por n\u00f3s mesmos. Porque quem confia em algu\u00e9m mais do que em si mesmo, sabe que h\u00e1 dimens\u00f5es da vida que s\u00f3 esse algu\u00e9m, em quem se confia, pode dar.<\/span><\/p>\n<p>O caso mais gritante \u00e9 o do beb\u00e9, que confia na sua m\u00e3e ou no seu pai, relativamente a tudo o que tem a ver com a sua exist\u00eancia. N\u00e3o considera, ainda \u2013 como acontecer\u00e1 depois com muitos adultos \u2013 que \u00e9 autossuficiente e que merece, pelo seu trabalho, aquilo que tem. O que tem e o que \u00e9, sente-o como d\u00e1diva permanente dos pais e confia nessa d\u00e1diva, despreocupadamente.<\/span><\/p>\n<p>A atitude do beb\u00e9 aproxima-nos de um n\u00edvel de f\u00e9 importante: o que se relaciona com o fundamento da nossa exist\u00eancia, seja quanto \u00e0 sua origem seja quanto ao seu futuro. Porque n\u00e3o somos n\u00f3s que nos damos a n\u00f3s mesmos nem que garantimos o nosso pr\u00f3prio futuro. Assim sendo, ou desesperamos desconfiadamente da nossa exist\u00eancia, perante o perigo de deixar de ser, ou confiamos numa d\u00e1diva permanente do ser. Esse ser\u00e1 o n\u00edvel mais profundo da f\u00e9, relativamente ao sentido primeiro e \u00faltimo da exist\u00eancia de cada um, que \u00e9 acolhido como uma d\u00e1diva milagrosa e imerecida. Ter f\u00e9 \u00e9 acolher a exist\u00eancia como d\u00e1diva gratuita de outro.<\/span><\/p>\n<p>Mas, a este n\u00edvel, esse Outro em que se confia \u00e9 ainda muito indefinido. \u00c9 apenas o pr\u00f3prio mist\u00e9rio de sermos \u2013 alguns diriam, \u00abpor acaso\u00bb. Aceitar que h\u00e1 um Deus pessoal que nos origina e nos quer na vida, dando-nos gratuitamente essa vida, para que a aceitemos, mesmo quando \u00e9 dura e parece n\u00e3o fazer sentido \u2013 isso \u00e9 j\u00e1 uma modalidade religiosa ou teol\u00f3gica da confian\u00e7a. A f\u00e9, ent\u00e3o, torna-se f\u00e9 teol\u00f3gica. Mas o Deus que nos d\u00e1 a n\u00f3s mesmos \u00e9, ainda, uma entidade muito vaga.<\/span><\/p>\n<p>Aceitar que esse Deus, que d\u00e1 a vida e nos d\u00e1 para a vida, vive connosco, se revela e nos liberta da morte em Jesus Cristo, \u00e9 confiar de modo crist\u00e3o. Ter f\u00e9 crist\u00e3 \u00e9, portanto, aceitar que Deus, em Jesus Cristo, nos d\u00e1 a vida, para al\u00e9m da morte e para al\u00e9m de todas a nossas capacidades de a conquistar. Isso permite uma atitude de confian\u00e7a que abre \u00e0 esperan\u00e7a, para al\u00e9m de todo o absurdo aparente. E, ao mesmo tempo, implica o conhecimento de que o \u00fanico caminho dessa esperan\u00e7a \u00e9 a caridade, como d\u00e1diva da vida ao outro. Ou seja, a f\u00e9 crist\u00e3 est\u00e1 sempre ligada \u00e0s outras duas virtudes teologais, pois s\u00f3 assim o dinamismo do acolhimento da vida dada por Deus \u00e9 poss\u00edvel.<\/span><\/p>\n<p>A confian\u00e7a fundamental que determina a atitude de f\u00e9 do crist\u00e3o implica, ao mesmo tempo, a confiss\u00e3o convicta de um conjunto de afirma\u00e7\u00f5es sobre Deus e sobre os humanos, a que chamamos Credo ou s\u00edmbolo da f\u00e9. Nessas afirma\u00e7\u00f5es condensa-se a descri\u00e7\u00e3o da nossa confian\u00e7a e dos seus motivos. Por isso, a confiss\u00e3o expl\u00edcita de f\u00e9 \u00e9 imprescind\u00edvel \u00e0 atitude crente, mesmo que a sua formula\u00e7\u00e3o lingu\u00edstica deva tudo \u00e1s linguagens humanas. E essa confiss\u00e3o, assim como a atitude correspondente, vive-se num leque de rela\u00e7\u00f5es comunit\u00e1rias, que nos ligam aos outros crentes, do nosso tempo e de outras gera\u00e7\u00f5es, assim como aos pr\u00f3prios n\u00e3o-crentes. Ou seja, n\u00e3o h\u00e1 f\u00e9 crist\u00e3 se n\u00e3o for inserida num dinamismo comunit\u00e1rio e numa tradi\u00e7\u00e3o. Se assim n\u00e3o fosse, a f\u00e9 seria puro sentimento individual e subjetivo, de iniciativa pr\u00f3pria e para auto realiza\u00e7\u00e3o pessoal. Mas, ao assim ser, negava-se a si mesma, pois negava a b\u00e1sica atitude de confian\u00e7a no outro, mais do que em si mesmo.<\/span><\/p>\n<div style=\"text-align: right;\">Jo\u00e3o Manuel Duque, in <em>Ecclesia<\/em>, 25-09-2012<\/p>\n","protected":false},"excerpt":{"rendered":"<p>O que \u00e9 a F\u00e9? A primeira e mais b\u00e1sica resposta \u00e0 pergunta do t\u00edtulo poder\u00e1, sem d\u00favida, ser formulada [&hellip;]<\/p>\n","protected":false},"author":1,"featured_media":993,"comment_status":"open","ping_status":"open","sticky":false,"template":"","format":"standard","meta":{"site-sidebar-layout":"default","site-content-layout":"","ast-site-content-layout":"default","site-content-style":"default","site-sidebar-style":"default","ast-global-header-display":"","ast-banner-title-visibility":"","ast-main-header-display":"","ast-hfb-above-header-display":"","ast-hfb-below-header-display":"","ast-hfb-mobile-header-display":"","site-post-title":"","ast-breadcrumbs-content":"","ast-featured-img":"","footer-sml-layout":"","ast-disable-related-posts":"","theme-transparent-header-meta":"","adv-header-id-meta":"","stick-header-meta":"","header-above-stick-meta":"","header-main-stick-meta":"","header-below-stick-meta":"","astra-migrate-meta-layouts":"default","ast-page-background-enabled":"default","ast-page-background-meta":{"desktop":{"background-color":"var(--ast-global-color-5)","background-image":"","background-repeat":"repeat","background-position":"center center","background-size":"auto","background-attachment":"scroll","background-type":"","background-media":"","overlay-type":"","overlay-color":"","overlay-opacity":"","overlay-gradient":""},"tablet":{"background-color":"","background-image":"","background-repeat":"repeat","background-position":"center center","background-size":"auto","background-attachment":"scroll","background-type":"","background-media":"","overlay-type":"","overlay-color":"","overlay-opacity":"","overlay-gradient":""},"mobile":{"background-color":"","background-image":"","background-repeat":"repeat","background-position":"center center","background-size":"auto","background-attachment":"scroll","background-type":"","background-media":"","overlay-type":"","overlay-color":"","overlay-opacity":"","overlay-gradient":""}},"ast-content-background-meta":{"desktop":{"background-color":"var(--ast-global-color-4)","background-image":"","background-repeat":"repeat","background-position":"center center","background-size":"auto","background-attachment":"scroll","background-type":"","background-media":"","overlay-type":"","overlay-color":"","overlay-opacity":"","overlay-gradient":""},"tablet":{"background-color":"var(--ast-global-color-4)","background-image":"","background-repeat":"repeat","background-position":"center center","background-size":"auto","background-attachment":"scroll","background-type":"","background-media":"","overlay-type":"","overlay-color":"","overlay-opacity":"","overlay-gradient":""},"mobile":{"background-color":"var(--ast-global-color-4)","background-image":"","background-repeat":"repeat","background-position":"center center","background-size":"auto","background-attachment":"scroll","background-type":"","background-media":"","overlay-type":"","overlay-color":"","overlay-opacity":"","overlay-gradient":""}},"footnotes":""},"categories":[42],"tags":[],"class_list":["post-994","post","type-post","status-publish","format-standard","has-post-thumbnail","hentry","category-espaco-eclesial"],"yoast_head":"<!-- This site is optimized with the Yoast SEO plugin v27.4 - https:\/\/yoast.com\/product\/yoast-seo-wordpress\/ -->\n<title>O que \u00e9 a F\u00e9? - Paroquia de Queijas<\/title>\n<meta name=\"robots\" content=\"index, follow, max-snippet:-1, max-image-preview:large, max-video-preview:-1\" \/>\n<link rel=\"canonical\" href=\"https:\/\/paroquiaqueijas.net\/portal\/o-que-e-a-fe\/\" \/>\n<meta property=\"og:locale\" content=\"pt_PT\" \/>\n<meta property=\"og:type\" content=\"article\" \/>\n<meta property=\"og:title\" content=\"O que \u00e9 a F\u00e9? - Paroquia de Queijas\" \/>\n<meta property=\"og:description\" content=\"O que \u00e9 a F\u00e9? A primeira e mais b\u00e1sica resposta \u00e0 pergunta do t\u00edtulo poder\u00e1, sem d\u00favida, ser formulada [&hellip;]\" \/>\n<meta property=\"og:url\" content=\"https:\/\/paroquiaqueijas.net\/portal\/o-que-e-a-fe\/\" \/>\n<meta property=\"og:site_name\" content=\"Paroquia de Queijas\" \/>\n<meta property=\"article:publisher\" content=\"https:\/\/www.facebook.com\/paroquiaqueijas\/\" \/>\n<meta property=\"article:published_time\" content=\"2012-10-26T22:34:27+00:00\" \/>\n<meta property=\"article:modified_time\" content=\"2026-03-21T15:41:25+00:00\" \/>\n<meta property=\"og:image\" content=\"https:\/\/paroquiaqueijas.net\/portal\/wp-content\/uploads\/2012\/10\/luz01.jpg\" \/>\n\t<meta property=\"og:image:width\" content=\"482\" \/>\n\t<meta property=\"og:image:height\" content=\"376\" \/>\n\t<meta property=\"og:image:type\" content=\"image\/jpeg\" \/>\n<meta name=\"author\" content=\"Paroquia de Queijas\" \/>\n<meta name=\"twitter:card\" content=\"summary_large_image\" \/>\n<meta name=\"twitter:label1\" content=\"Escrito por\" \/>\n\t<meta name=\"twitter:data1\" content=\"Paroquia de Queijas\" \/>\n\t<meta name=\"twitter:label2\" content=\"Tempo estimado de leitura\" \/>\n\t<meta name=\"twitter:data2\" content=\"4 minutos\" \/>\n<script type=\"application\/ld+json\" class=\"yoast-schema-graph\">{\"@context\":\"https:\\\/\\\/schema.org\",\"@graph\":[{\"@type\":\"Article\",\"@id\":\"https:\\\/\\\/paroquiaqueijas.net\\\/portal\\\/o-que-e-a-fe\\\/#article\",\"isPartOf\":{\"@id\":\"https:\\\/\\\/paroquiaqueijas.net\\\/portal\\\/o-que-e-a-fe\\\/\"},\"author\":{\"name\":\"Paroquia de Queijas\",\"@id\":\"https:\\\/\\\/paroquiaqueijas.net\\\/portal\\\/#\\\/schema\\\/person\\\/07bb4cce216326e06b6f742b719ebec7\"},\"headline\":\"O que \u00e9 a F\u00e9?\",\"datePublished\":\"2012-10-26T22:34:27+00:00\",\"dateModified\":\"2026-03-21T15:41:25+00:00\",\"mainEntityOfPage\":{\"@id\":\"https:\\\/\\\/paroquiaqueijas.net\\\/portal\\\/o-que-e-a-fe\\\/\"},\"wordCount\":820,\"commentCount\":0,\"publisher\":{\"@id\":\"https:\\\/\\\/paroquiaqueijas.net\\\/portal\\\/#organization\"},\"image\":{\"@id\":\"https:\\\/\\\/paroquiaqueijas.net\\\/portal\\\/o-que-e-a-fe\\\/#primaryimage\"},\"thumbnailUrl\":\"https:\\\/\\\/paroquiaqueijas.net\\\/portal\\\/wp-content\\\/uploads\\\/2012\\\/10\\\/luz01.jpg\",\"articleSection\":[\"Espa\u00e7o Eclesial\"],\"inLanguage\":\"pt-PT\",\"potentialAction\":[{\"@type\":\"CommentAction\",\"name\":\"Comment\",\"target\":[\"https:\\\/\\\/paroquiaqueijas.net\\\/portal\\\/o-que-e-a-fe\\\/#respond\"]}]},{\"@type\":\"WebPage\",\"@id\":\"https:\\\/\\\/paroquiaqueijas.net\\\/portal\\\/o-que-e-a-fe\\\/\",\"url\":\"https:\\\/\\\/paroquiaqueijas.net\\\/portal\\\/o-que-e-a-fe\\\/\",\"name\":\"O que \u00e9 a F\u00e9? - Paroquia de Queijas\",\"isPartOf\":{\"@id\":\"https:\\\/\\\/paroquiaqueijas.net\\\/portal\\\/#website\"},\"primaryImageOfPage\":{\"@id\":\"https:\\\/\\\/paroquiaqueijas.net\\\/portal\\\/o-que-e-a-fe\\\/#primaryimage\"},\"image\":{\"@id\":\"https:\\\/\\\/paroquiaqueijas.net\\\/portal\\\/o-que-e-a-fe\\\/#primaryimage\"},\"thumbnailUrl\":\"https:\\\/\\\/paroquiaqueijas.net\\\/portal\\\/wp-content\\\/uploads\\\/2012\\\/10\\\/luz01.jpg\",\"datePublished\":\"2012-10-26T22:34:27+00:00\",\"dateModified\":\"2026-03-21T15:41:25+00:00\",\"breadcrumb\":{\"@id\":\"https:\\\/\\\/paroquiaqueijas.net\\\/portal\\\/o-que-e-a-fe\\\/#breadcrumb\"},\"inLanguage\":\"pt-PT\",\"potentialAction\":[{\"@type\":\"ReadAction\",\"target\":[\"https:\\\/\\\/paroquiaqueijas.net\\\/portal\\\/o-que-e-a-fe\\\/\"]}]},{\"@type\":\"ImageObject\",\"inLanguage\":\"pt-PT\",\"@id\":\"https:\\\/\\\/paroquiaqueijas.net\\\/portal\\\/o-que-e-a-fe\\\/#primaryimage\",\"url\":\"https:\\\/\\\/paroquiaqueijas.net\\\/portal\\\/wp-content\\\/uploads\\\/2012\\\/10\\\/luz01.jpg\",\"contentUrl\":\"https:\\\/\\\/paroquiaqueijas.net\\\/portal\\\/wp-content\\\/uploads\\\/2012\\\/10\\\/luz01.jpg\",\"width\":482,\"height\":376,\"caption\":\"luz01\"},{\"@type\":\"BreadcrumbList\",\"@id\":\"https:\\\/\\\/paroquiaqueijas.net\\\/portal\\\/o-que-e-a-fe\\\/#breadcrumb\",\"itemListElement\":[{\"@type\":\"ListItem\",\"position\":1,\"name\":\"In\u00edcio\",\"item\":\"https:\\\/\\\/paroquiaqueijas.net\\\/portal\\\/\"},{\"@type\":\"ListItem\",\"position\":2,\"name\":\"O que \u00e9 a F\u00e9?\"}]},{\"@type\":\"WebSite\",\"@id\":\"https:\\\/\\\/paroquiaqueijas.net\\\/portal\\\/#website\",\"url\":\"https:\\\/\\\/paroquiaqueijas.net\\\/portal\\\/\",\"name\":\"Paroquia de Queijas\",\"description\":\"\",\"publisher\":{\"@id\":\"https:\\\/\\\/paroquiaqueijas.net\\\/portal\\\/#organization\"},\"potentialAction\":[{\"@type\":\"SearchAction\",\"target\":{\"@type\":\"EntryPoint\",\"urlTemplate\":\"https:\\\/\\\/paroquiaqueijas.net\\\/portal\\\/?s={search_term_string}\"},\"query-input\":{\"@type\":\"PropertyValueSpecification\",\"valueRequired\":true,\"valueName\":\"search_term_string\"}}],\"inLanguage\":\"pt-PT\"},{\"@type\":\"Organization\",\"@id\":\"https:\\\/\\\/paroquiaqueijas.net\\\/portal\\\/#organization\",\"name\":\"Paroquia de Queijas\",\"url\":\"https:\\\/\\\/paroquiaqueijas.net\\\/portal\\\/\",\"logo\":{\"@type\":\"ImageObject\",\"inLanguage\":\"pt-PT\",\"@id\":\"https:\\\/\\\/paroquiaqueijas.net\\\/portal\\\/#\\\/schema\\\/logo\\\/image\\\/\",\"url\":\"https:\\\/\\\/paroquiaqueijas.net\\\/portal\\\/wp-content\\\/uploads\\\/2026\\\/03\\\/LogoQueijas_novo.png\",\"contentUrl\":\"https:\\\/\\\/paroquiaqueijas.net\\\/portal\\\/wp-content\\\/uploads\\\/2026\\\/03\\\/LogoQueijas_novo.png\",\"width\":520,\"height\":519,\"caption\":\"Paroquia de Queijas\"},\"image\":{\"@id\":\"https:\\\/\\\/paroquiaqueijas.net\\\/portal\\\/#\\\/schema\\\/logo\\\/image\\\/\"},\"sameAs\":[\"https:\\\/\\\/www.facebook.com\\\/paroquiaqueijas\\\/\"]},{\"@type\":\"Person\",\"@id\":\"https:\\\/\\\/paroquiaqueijas.net\\\/portal\\\/#\\\/schema\\\/person\\\/07bb4cce216326e06b6f742b719ebec7\",\"name\":\"Paroquia de Queijas\",\"image\":{\"@type\":\"ImageObject\",\"inLanguage\":\"pt-PT\",\"@id\":\"https:\\\/\\\/secure.gravatar.com\\\/avatar\\\/5054571ff5d2454cd50657fc4e61d0c32d7a5d0d3b36ef6c0f6e269276d13618?s=96&d=mm&r=g\",\"url\":\"https:\\\/\\\/secure.gravatar.com\\\/avatar\\\/5054571ff5d2454cd50657fc4e61d0c32d7a5d0d3b36ef6c0f6e269276d13618?s=96&d=mm&r=g\",\"contentUrl\":\"https:\\\/\\\/secure.gravatar.com\\\/avatar\\\/5054571ff5d2454cd50657fc4e61d0c32d7a5d0d3b36ef6c0f6e269276d13618?s=96&d=mm&r=g\",\"caption\":\"Paroquia de Queijas\"},\"sameAs\":[\"https:\\\/\\\/paroquiaqueijas.net\\\/site\"],\"url\":\"https:\\\/\\\/paroquiaqueijas.net\\\/portal\\\/author\\\/admin1\\\/\"}]}<\/script>\n<!-- \/ Yoast SEO plugin. -->","yoast_head_json":{"title":"O que \u00e9 a F\u00e9? - Paroquia de Queijas","robots":{"index":"index","follow":"follow","max-snippet":"max-snippet:-1","max-image-preview":"max-image-preview:large","max-video-preview":"max-video-preview:-1"},"canonical":"https:\/\/paroquiaqueijas.net\/portal\/o-que-e-a-fe\/","og_locale":"pt_PT","og_type":"article","og_title":"O que \u00e9 a F\u00e9? - Paroquia de Queijas","og_description":"O que \u00e9 a F\u00e9? A primeira e mais b\u00e1sica resposta \u00e0 pergunta do t\u00edtulo poder\u00e1, sem d\u00favida, ser formulada [&hellip;]","og_url":"https:\/\/paroquiaqueijas.net\/portal\/o-que-e-a-fe\/","og_site_name":"Paroquia de Queijas","article_publisher":"https:\/\/www.facebook.com\/paroquiaqueijas\/","article_published_time":"2012-10-26T22:34:27+00:00","article_modified_time":"2026-03-21T15:41:25+00:00","og_image":[{"width":482,"height":376,"url":"https:\/\/paroquiaqueijas.net\/portal\/wp-content\/uploads\/2012\/10\/luz01.jpg","type":"image\/jpeg"}],"author":"Paroquia de Queijas","twitter_card":"summary_large_image","twitter_misc":{"Escrito por":"Paroquia de Queijas","Tempo estimado de leitura":"4 minutos"},"schema":{"@context":"https:\/\/schema.org","@graph":[{"@type":"Article","@id":"https:\/\/paroquiaqueijas.net\/portal\/o-que-e-a-fe\/#article","isPartOf":{"@id":"https:\/\/paroquiaqueijas.net\/portal\/o-que-e-a-fe\/"},"author":{"name":"Paroquia de Queijas","@id":"https:\/\/paroquiaqueijas.net\/portal\/#\/schema\/person\/07bb4cce216326e06b6f742b719ebec7"},"headline":"O que \u00e9 a F\u00e9?","datePublished":"2012-10-26T22:34:27+00:00","dateModified":"2026-03-21T15:41:25+00:00","mainEntityOfPage":{"@id":"https:\/\/paroquiaqueijas.net\/portal\/o-que-e-a-fe\/"},"wordCount":820,"commentCount":0,"publisher":{"@id":"https:\/\/paroquiaqueijas.net\/portal\/#organization"},"image":{"@id":"https:\/\/paroquiaqueijas.net\/portal\/o-que-e-a-fe\/#primaryimage"},"thumbnailUrl":"https:\/\/paroquiaqueijas.net\/portal\/wp-content\/uploads\/2012\/10\/luz01.jpg","articleSection":["Espa\u00e7o Eclesial"],"inLanguage":"pt-PT","potentialAction":[{"@type":"CommentAction","name":"Comment","target":["https:\/\/paroquiaqueijas.net\/portal\/o-que-e-a-fe\/#respond"]}]},{"@type":"WebPage","@id":"https:\/\/paroquiaqueijas.net\/portal\/o-que-e-a-fe\/","url":"https:\/\/paroquiaqueijas.net\/portal\/o-que-e-a-fe\/","name":"O que \u00e9 a F\u00e9? - Paroquia de Queijas","isPartOf":{"@id":"https:\/\/paroquiaqueijas.net\/portal\/#website"},"primaryImageOfPage":{"@id":"https:\/\/paroquiaqueijas.net\/portal\/o-que-e-a-fe\/#primaryimage"},"image":{"@id":"https:\/\/paroquiaqueijas.net\/portal\/o-que-e-a-fe\/#primaryimage"},"thumbnailUrl":"https:\/\/paroquiaqueijas.net\/portal\/wp-content\/uploads\/2012\/10\/luz01.jpg","datePublished":"2012-10-26T22:34:27+00:00","dateModified":"2026-03-21T15:41:25+00:00","breadcrumb":{"@id":"https:\/\/paroquiaqueijas.net\/portal\/o-que-e-a-fe\/#breadcrumb"},"inLanguage":"pt-PT","potentialAction":[{"@type":"ReadAction","target":["https:\/\/paroquiaqueijas.net\/portal\/o-que-e-a-fe\/"]}]},{"@type":"ImageObject","inLanguage":"pt-PT","@id":"https:\/\/paroquiaqueijas.net\/portal\/o-que-e-a-fe\/#primaryimage","url":"https:\/\/paroquiaqueijas.net\/portal\/wp-content\/uploads\/2012\/10\/luz01.jpg","contentUrl":"https:\/\/paroquiaqueijas.net\/portal\/wp-content\/uploads\/2012\/10\/luz01.jpg","width":482,"height":376,"caption":"luz01"},{"@type":"BreadcrumbList","@id":"https:\/\/paroquiaqueijas.net\/portal\/o-que-e-a-fe\/#breadcrumb","itemListElement":[{"@type":"ListItem","position":1,"name":"In\u00edcio","item":"https:\/\/paroquiaqueijas.net\/portal\/"},{"@type":"ListItem","position":2,"name":"O que \u00e9 a F\u00e9?"}]},{"@type":"WebSite","@id":"https:\/\/paroquiaqueijas.net\/portal\/#website","url":"https:\/\/paroquiaqueijas.net\/portal\/","name":"Paroquia de Queijas","description":"","publisher":{"@id":"https:\/\/paroquiaqueijas.net\/portal\/#organization"},"potentialAction":[{"@type":"SearchAction","target":{"@type":"EntryPoint","urlTemplate":"https:\/\/paroquiaqueijas.net\/portal\/?s={search_term_string}"},"query-input":{"@type":"PropertyValueSpecification","valueRequired":true,"valueName":"search_term_string"}}],"inLanguage":"pt-PT"},{"@type":"Organization","@id":"https:\/\/paroquiaqueijas.net\/portal\/#organization","name":"Paroquia de Queijas","url":"https:\/\/paroquiaqueijas.net\/portal\/","logo":{"@type":"ImageObject","inLanguage":"pt-PT","@id":"https:\/\/paroquiaqueijas.net\/portal\/#\/schema\/logo\/image\/","url":"https:\/\/paroquiaqueijas.net\/portal\/wp-content\/uploads\/2026\/03\/LogoQueijas_novo.png","contentUrl":"https:\/\/paroquiaqueijas.net\/portal\/wp-content\/uploads\/2026\/03\/LogoQueijas_novo.png","width":520,"height":519,"caption":"Paroquia de Queijas"},"image":{"@id":"https:\/\/paroquiaqueijas.net\/portal\/#\/schema\/logo\/image\/"},"sameAs":["https:\/\/www.facebook.com\/paroquiaqueijas\/"]},{"@type":"Person","@id":"https:\/\/paroquiaqueijas.net\/portal\/#\/schema\/person\/07bb4cce216326e06b6f742b719ebec7","name":"Paroquia de Queijas","image":{"@type":"ImageObject","inLanguage":"pt-PT","@id":"https:\/\/secure.gravatar.com\/avatar\/5054571ff5d2454cd50657fc4e61d0c32d7a5d0d3b36ef6c0f6e269276d13618?s=96&d=mm&r=g","url":"https:\/\/secure.gravatar.com\/avatar\/5054571ff5d2454cd50657fc4e61d0c32d7a5d0d3b36ef6c0f6e269276d13618?s=96&d=mm&r=g","contentUrl":"https:\/\/secure.gravatar.com\/avatar\/5054571ff5d2454cd50657fc4e61d0c32d7a5d0d3b36ef6c0f6e269276d13618?s=96&d=mm&r=g","caption":"Paroquia de Queijas"},"sameAs":["https:\/\/paroquiaqueijas.net\/site"],"url":"https:\/\/paroquiaqueijas.net\/portal\/author\/admin1\/"}]}},"_links":{"self":[{"href":"https:\/\/paroquiaqueijas.net\/portal\/wp-json\/wp\/v2\/posts\/994","targetHints":{"allow":["GET"]}}],"collection":[{"href":"https:\/\/paroquiaqueijas.net\/portal\/wp-json\/wp\/v2\/posts"}],"about":[{"href":"https:\/\/paroquiaqueijas.net\/portal\/wp-json\/wp\/v2\/types\/post"}],"author":[{"embeddable":true,"href":"https:\/\/paroquiaqueijas.net\/portal\/wp-json\/wp\/v2\/users\/1"}],"replies":[{"embeddable":true,"href":"https:\/\/paroquiaqueijas.net\/portal\/wp-json\/wp\/v2\/comments?post=994"}],"version-history":[{"count":1,"href":"https:\/\/paroquiaqueijas.net\/portal\/wp-json\/wp\/v2\/posts\/994\/revisions"}],"predecessor-version":[{"id":2616,"href":"https:\/\/paroquiaqueijas.net\/portal\/wp-json\/wp\/v2\/posts\/994\/revisions\/2616"}],"wp:featuredmedia":[{"embeddable":true,"href":"https:\/\/paroquiaqueijas.net\/portal\/wp-json\/wp\/v2\/media\/993"}],"wp:attachment":[{"href":"https:\/\/paroquiaqueijas.net\/portal\/wp-json\/wp\/v2\/media?parent=994"}],"wp:term":[{"taxonomy":"category","embeddable":true,"href":"https:\/\/paroquiaqueijas.net\/portal\/wp-json\/wp\/v2\/categories?post=994"},{"taxonomy":"post_tag","embeddable":true,"href":"https:\/\/paroquiaqueijas.net\/portal\/wp-json\/wp\/v2\/tags?post=994"}],"curies":[{"name":"wp","href":"https:\/\/api.w.org\/{rel}","templated":true}]}}